{"id":1740,"date":"2014-11-03T00:00:00","date_gmt":"2014-11-03T02:00:00","guid":{"rendered":"https:\/\/hostnetart.com.br\/baixada\/termina-nesta-sexta-o-prazo-para-compensar-os-dias-parados-na-greve\/"},"modified":"2014-11-03T00:00:00","modified_gmt":"2014-11-03T02:00:00","slug":"termina-nesta-sexta-o-prazo-para-compensar-os-dias-parados-na-greve","status":"publish","type":"post","link":"https:\/\/hostnetart.com.br\/baixada\/termina-nesta-sexta-o-prazo-para-compensar-os-dias-parados-na-greve\/","title":{"rendered":"Termina nesta sexta o prazo para compensar os dias parados na greve"},"content":{"rendered":"<p>O prazo para a reposi\u00e7\u00e3o das horas n\u00e3o trabalhadas durante a greve para os banc\u00e1rios que t\u00eam jornada di\u00e1ria de seis horas termina nesta sexta-feira (31). Para os que trabalham oito horas, o prazo se estende at\u00e9 o dia 7 de novembro. A compensa\u00e7\u00e3o est\u00e1 prevista na cl\u00e1usula 57\u00aa da Conven\u00e7\u00e3o Coletiva de Trabalho (CCT).<\/p>\n<p>Terminados esses prazos, as horas que n\u00e3o forem compensadas ser\u00e3o anistiadas.<\/p>\n<p>Essa compensa\u00e7\u00e3o, al\u00e9m de n\u00e3o causar descontos salariais, em decorr\u00eancia da paralisa\u00e7\u00e3o, faz com que mais da metade das horas n\u00e3o trabalhadas sejam anistiadas.\u00a0<\/p>\n<p>\u201cMesmo se o banc\u00e1rio tiver feito a reposi\u00e7\u00e3o m\u00e1xima de uma hora por dia, durante todo per\u00edodo de compensa\u00e7\u00e3o, ele ainda ter\u00e1 horas anistiadas\u201d, salienta a presidenta do Sindicato dos Banc\u00e1rios de Pernambuco, Jaqueline Mello.<\/p>\n<p>Para os banc\u00e1rios que ir\u00e3o repor as horas at\u00e9 o dia 7 de novembro, a compensa\u00e7\u00e3o deve ser feita com bom senso e mediante entendimento pr\u00e9vio entre o gestor e o empregado.\u00a0<\/p>\n<p>Fonte: Contraf-CUT com Seec PE<\/p>\n","protected":false},"excerpt":{"rendered":"<p>O prazo para a reposi\u00e7\u00e3o das horas n\u00e3o trabalhadas durante a greve para os banc\u00e1rios que t\u00eam jornada di\u00e1ria de seis horas termina nesta sexta-feira (31). Para os que trabalham oito horas, o prazo se estende at\u00e9 o dia 7 de novembro. A compensa\u00e7\u00e3o est\u00e1 prevista na cl\u00e1usula 57\u00aa da Conven\u00e7\u00e3o Coletiva de Trabalho (CCT). [&hellip;]<\/p>\n","protected":false},"author":1,"featured_media":0,"comment_status":"","ping_status":"","sticky":false,"template":"","format":"standard","meta":{"footnotes":""},"categories":[3],"tags":[],"class_list":["post-1740","post","type-post","status-publish","format-standard","hentry","category-noticias"],"_links":{"self":[{"href":"https:\/\/hostnetart.com.br\/baixada\/wp-json\/wp\/v2\/posts\/1740","targetHints":{"allow":["GET"]}}],"collection":[{"href":"https:\/\/hostnetart.com.br\/baixada\/wp-json\/wp\/v2\/posts"}],"about":[{"href":"https:\/\/hostnetart.com.br\/baixada\/wp-json\/wp\/v2\/types\/post"}],"author":[{"embeddable":true,"href":"https:\/\/hostnetart.com.br\/baixada\/wp-json\/wp\/v2\/users\/1"}],"replies":[{"embeddable":true,"href":"https:\/\/hostnetart.com.br\/baixada\/wp-json\/wp\/v2\/comments?post=1740"}],"version-history":[{"count":0,"href":"https:\/\/hostnetart.com.br\/baixada\/wp-json\/wp\/v2\/posts\/1740\/revisions"}],"wp:attachment":[{"href":"https:\/\/hostnetart.com.br\/baixada\/wp-json\/wp\/v2\/media?parent=1740"}],"wp:term":[{"taxonomy":"category","embeddable":true,"href":"https:\/\/hostnetart.com.br\/baixada\/wp-json\/wp\/v2\/categories?post=1740"},{"taxonomy":"post_tag","embeddable":true,"href":"https:\/\/hostnetart.com.br\/baixada\/wp-json\/wp\/v2\/tags?post=1740"}],"curies":[{"name":"wp","href":"https:\/\/api.w.org\/{rel}","templated":true}]}}