{"id":1739,"date":"2013-11-27T00:00:00","date_gmt":"2013-11-27T02:00:00","guid":{"rendered":"https:\/\/hostnetart.com.br\/baixada\/3-encontro-nacional-de-bancarias-debate-luta-por-igualdade-de-genero\/"},"modified":"2013-11-27T00:00:00","modified_gmt":"2013-11-27T02:00:00","slug":"3-encontro-nacional-de-bancarias-debate-luta-por-igualdade-de-genero","status":"publish","type":"post","link":"https:\/\/hostnetart.com.br\/baixada\/3-encontro-nacional-de-bancarias-debate-luta-por-igualdade-de-genero\/","title":{"rendered":"3\u00ba Encontro Nacional de Banc\u00e1rias debate luta por igualdade de g\u00eanero"},"content":{"rendered":"<p>A redu\u00e7\u00e3o da desigualdade entre homens e mulheres na Am\u00e9rica Latina e a luta pela equidade de g\u00eanero na sociedade brasileira foram os destaques na an\u00e1lise de conjuntura realizada nesta ter\u00e7a-feira (26) no 3\u00ba Encontro Nacional de Mulheres Banc\u00e1rias, iniciado ontem (25), em Cajamar, interior de S\u00e3o Paulo. O debate foi provocado por N\u00e9stor Bercovich, da divis\u00e3o de assuntos de g\u00eanero da Comiss\u00e3o Econ\u00f4mica para Am\u00e9rica Latina e Caribe (Cepal), e pela deputada federal e ex-presidenta do Sindicato dos Banc\u00e1rios de Bras\u00edlia, \u00c9rika Kokay (PT-DF).<\/p>\n<p>\u00a0<\/p>\n<p>\u00a0<\/p>\n<p><strong>Desigualdades na Am\u00e9rica Latina<\/strong><\/p>\n<p>\u00a0<\/p>\n<p>N\u00e9stor ressaltou que uma das principais preocupa\u00e7\u00f5es da Cepal \u00e9 a luta pela diminui\u00e7\u00e3o nos n\u00edveis de desigualdade no continente. Para ele, foram muitos os avan\u00e7os, por\u00e9m existem in\u00fameros desafios. \u201cAinda persistem as condi\u00e7\u00f5es de discrimina\u00e7\u00e3o com as mulheres na incorpora\u00e7\u00e3o do trabalho remunerado\u201d, enfatizou.<\/p>\n<p>\u00a0<\/p>\n<p>Segundo N\u00e9stor, um dos desafios \u00e9 aumentar a autonomia econ\u00f4mica da mulher e eliminar a viol\u00eancia f\u00edsica para consolidar o \u201cempoderamento\u201d das mulheres. \u201cAs mulheres trabalham bem mais que os homens, principalmente em fun\u00e7\u00e3o do trabalho dom\u00e9stico. J\u00e1 os homens dedicam mais tempo ao trabalho remunerado e as mulheres aos trabalhos n\u00e3o remunerados\u201d, destacou.<\/p>\n<p>\u00a0<\/p>\n<p>A igualdade como g\u00eanero, conforme o palestrante, ap\u00f3s o Consenso de Quito, em 2007, \u00e9 medida pela autonomia f\u00edsica, de tomada de decis\u00f5es e tamb\u00e9m econ\u00f4mica. \u201cA mudan\u00e7a estrutural para a igualdade de g\u00eanero requer a igualdade como horizonte, a mudan\u00e7a estrutural como caminho e a pol\u00edtica como instrumento. Ainda h\u00e1 muito caminho a percorrer quando observamos que metade das mulheres latino-americanas n\u00e3o possui v\u00ednculo com o mercado de trabalho\u201d, completou N\u00e9stor.<\/p>\n<p>\u00a0<\/p>\n<p>\u00a0<\/p>\n<p><strong>Equidade de g\u00eanero<\/strong><\/p>\n<p>\u00a0<\/p>\n<p>\u00c9rika apontou os desafios lan\u00e7ados na sociedade para conquistar a equidade de g\u00eanero. Ela lembrou que a viol\u00eancia contra a mulher \u00e9 parte da forma\u00e7\u00e3o da sociedade brasileira. \u201cO colonialismo foi constru\u00eddo atrav\u00e9s desta l\u00f3gica. Ainda passamos pela escravid\u00e3o e ditadura sem que fiz\u00e9ssemos o luto para que essas situa\u00e7\u00f5es n\u00e3o voltem a acontecer\u201d, salientou.<\/p>\n<p>\u00a0<\/p>\n<p>Para a deputada, foram esses tr\u00eas per\u00edodos de profunda desumaniza\u00e7\u00e3o simb\u00f3lica e tamb\u00e9m literal da sociedade que ainda est\u00e3o em curso no pa\u00eds. \u201cAs mulheres foram desumanizadas e arrancaram a condi\u00e7\u00e3o de serem sujeitas de seu pr\u00f3prio corpo, vida e hist\u00f3ria\u201d, ressaltou.<\/p>\n<p>\u00a0<\/p>\n<p>Segundo a deputada, \u00e9 fundamental trazer a agenda da equidade de g\u00eanero para construir uma sociedade em que n\u00e3o exista dor por ser mulher, negro ou ind\u00edgena, e que n\u00e3o haja o medo das ruas, das noites e de voltar para casa devido \u00e0 viol\u00eancia dom\u00e9stica que destr\u00f3i a condi\u00e7\u00e3o humana.<\/p>\n<p>\u00a0<\/p>\n<p>\u201cExistem v\u00e1rios movimentos em constru\u00e7\u00e3o de nossa hist\u00f3ria e para forma\u00e7\u00e3o desta nova sociedade \u00e9 fundamental que reconhe\u00e7amos nossos holocaustos e lutos para que n\u00e3o tropecemos nos espa\u00e7os da ditadura em nossa contemporaneidade\u201d, enfatizou.<\/p>\n<p>\u00a0<\/p>\n<p>Conforme a parlamentar, situa\u00e7\u00f5es como o espa\u00e7o dom\u00e9stico ainda majoritariamente dominado pelas mulheres e a presen\u00e7a de apenas 8,7% de mulheres na C\u00e2mara Federal denotam os desafios que est\u00e3o lan\u00e7ados na sociedade e que s\u00f3 ser\u00e3o superados com o m\u00ednimo de organiza\u00e7\u00e3o para que a voz da mulher seja ouvida.<\/p>\n<p>\u00a0<\/p>\n<p>\u201cS\u00e3o por essas raz\u00f5es que as mulheres trabalham mais, s\u00e3o as maiores v\u00edtimas de LER\/Dort e depress\u00e3o. Por isso, tamb\u00e9m s\u00e3o maioria entre as v\u00edtimas de p\u00e2nico e que fazem com que elas n\u00e3o se reconhe\u00e7am e que n\u00e3o percebam seus pr\u00f3prios limites. H\u00e1 pa\u00edses em que as mulheres usam burca e s\u00e3o maioria no Parlamento. Por estes motivos, exigimos a equidade de g\u00eanero\u201d, concluiu \u00c9rika.<\/p>\n<p>\u00a0<\/p>\n<p>\u00a0<\/p>\n<p><strong>\u00daltimo dia<\/strong><\/p>\n<p>\u00a0<\/p>\n<p>O 3\u00ba Encontro ser\u00e1 encerrado nesta quarta-feira (27), com intensa programa\u00e7\u00e3o. Confira:<\/p>\n<p>9h \u00e0s 10h \u2013 Exposi\u00e7\u00e3o: \u201cO Trabalho Banc\u00e1rio e as Mulheres\u201d, com Barbara Vallejos Vazquez \u2013 t\u00e9cnina da Subse\u00e7\u00e3o Dieese da Contraf-CUT.<\/p>\n<p>10h \u00e0s 10h20 \u2013 \u201cParidade na CUT e as a\u00e7\u00f5es das mulheres em 2014\u2033, com Carmen Foro \u2013 vice-presidenta da CUT Nacional.<\/p>\n<p>10h20 \u00e0s 10h40- \u201cReforma Pol\u00edtica e as Mulheres\u201d, com Juvandia Moreira Leite \u2013 presidenta do Sindicato dos Banc\u00e1rios de S\u00e3o Paulo, Osasco e regi\u00e3o.<\/p>\n<p>10h40 \u00e0s 11h \u2013 \u201cCampanha da UNI Am\u00e9ricas por Equidade de G\u00eanero\u201d, com Briceida Gonzalez \u2013 Diretora Regional UNI Am\u00e9ricas.<\/p>\n<p>11h \u00e0s 12h30- Debate com as convidadas.<\/p>\n<p>14h \u00e0s 16h \u2013 Forma\u00e7\u00e3o do Coletivo Nacional de Mulheres e Calend\u00e1rio de atividades.<\/p>\n<p>16h \u2013 Encerramento do 3\u00ba Encontro.<\/p>\n<p>\u00a0<br \/>Fonte: Contraf-CUT<\/p>\n","protected":false},"excerpt":{"rendered":"<p>A redu\u00e7\u00e3o da desigualdade entre homens e mulheres na Am\u00e9rica Latina e a luta pela equidade de g\u00eanero na sociedade brasileira foram os destaques na an\u00e1lise de conjuntura realizada nesta ter\u00e7a-feira (26) no 3\u00ba Encontro Nacional de Mulheres Banc\u00e1rias, iniciado ontem (25), em Cajamar, interior de S\u00e3o Paulo. O debate foi provocado por N\u00e9stor Bercovich, [&hellip;]<\/p>\n","protected":false},"author":1,"featured_media":0,"comment_status":"","ping_status":"","sticky":false,"template":"","format":"standard","meta":{"footnotes":""},"categories":[3],"tags":[],"class_list":["post-1739","post","type-post","status-publish","format-standard","hentry","category-noticias"],"_links":{"self":[{"href":"https:\/\/hostnetart.com.br\/baixada\/wp-json\/wp\/v2\/posts\/1739","targetHints":{"allow":["GET"]}}],"collection":[{"href":"https:\/\/hostnetart.com.br\/baixada\/wp-json\/wp\/v2\/posts"}],"about":[{"href":"https:\/\/hostnetart.com.br\/baixada\/wp-json\/wp\/v2\/types\/post"}],"author":[{"embeddable":true,"href":"https:\/\/hostnetart.com.br\/baixada\/wp-json\/wp\/v2\/users\/1"}],"replies":[{"embeddable":true,"href":"https:\/\/hostnetart.com.br\/baixada\/wp-json\/wp\/v2\/comments?post=1739"}],"version-history":[{"count":0,"href":"https:\/\/hostnetart.com.br\/baixada\/wp-json\/wp\/v2\/posts\/1739\/revisions"}],"wp:attachment":[{"href":"https:\/\/hostnetart.com.br\/baixada\/wp-json\/wp\/v2\/media?parent=1739"}],"wp:term":[{"taxonomy":"category","embeddable":true,"href":"https:\/\/hostnetart.com.br\/baixada\/wp-json\/wp\/v2\/categories?post=1739"},{"taxonomy":"post_tag","embeddable":true,"href":"https:\/\/hostnetart.com.br\/baixada\/wp-json\/wp\/v2\/tags?post=1739"}],"curies":[{"name":"wp","href":"https:\/\/api.w.org\/{rel}","templated":true}]}}