{"id":17369,"date":"2026-08-14T13:18:58","date_gmt":"2026-08-14T16:18:58","guid":{"rendered":"https:\/\/hostnetart.com.br\/baixada\/bancos-frustram-bancarios-e-nao-trazem-indice-de-reajuste-salarial\/"},"modified":"2026-08-14T13:18:58","modified_gmt":"2026-08-14T16:18:58","slug":"bancos-frustram-bancarios-e-nao-trazem-indice-de-reajuste-salarial","status":"publish","type":"post","link":"https:\/\/hostnetart.com.br\/baixada\/bancos-frustram-bancarios-e-nao-trazem-indice-de-reajuste-salarial\/","title":{"rendered":"Bancos frustram banc\u00e1rios e n\u00e3o trazem \u00edndice de reajuste salarial"},"content":{"rendered":"<p>\u00a0<\/p>\n<p>Os bancos n\u00e3o apresentaram \u00edndice de reajuste na\u00a0s\u00e9tima rodada de negocia\u00e7\u00f5es da Campanha Nacional Unificada, realizada nesta\u00a0quinta-feira (13), na capital paulista, frustrando toda a categoria.\u00a0<\/p>\n<p>A proposta dos banqueiros foi de congelamento do piso de ingresso para os novos banc\u00e1rios e reajustes diferenciados para tr\u00eas faixas salariais, mas sem dizer quais seriam os par\u00e2metros dessas faixas e nem os percentuais que seriam definidos para cada uma delas.<\/p>\n<p>A negocia\u00e7\u00e3o, iniciada por volta das 10h da manh\u00e3, terminou \u00e0s 18h. Durante os debates, a Fenaban chegou a propor reduzir o valor dos vales refei\u00e7\u00e3o e alimenta\u00e7\u00e3o nas cidades do interior, isso porque, segundo a federa\u00e7\u00e3o, s\u00e3o localidades do pa\u00eds com custos de alimenta\u00e7\u00e3o menores. Somente nas grandes capitais os vales poderiam ter aumento.<\/p>\n<p><strong>\u201cEles n\u00e3o querem aumentar o custo, querem simplesmente usar o mesmo valor pago hoje com os vales, tirando de alguns trabalhadores para pagar para outros, como se alguns pudessem comer melhor que outros\u201d<\/strong>, criticou a coordenadora do Comando Nacional dos Banc\u00e1rios, Juvandia Moreira.\u00a0<\/p>\n<p>A representa\u00e7\u00e3o dos banqueiros chegou, ainda, a amea\u00e7ar ir ao Tribunal Superior do Trabalho (TST) caso n\u00e3o houvesse acordo para os modelos de reajustes propostos. Mas, depois de um intervalo durante a negocia\u00e7\u00e3o de hoje, recuou.<\/p>\n<p><strong>\u201cO setor banc\u00e1rio lucro R$ 174 bilh\u00f5es ano passado. N\u00e3o tem sentido apresentar uma proposta rebaixada. Por que n\u00e3o tirar dos altos executivos, ent\u00e3o, para pagar o reajuste que a categoria banc\u00e1ria exige e tem de direito?\u201d<\/strong>, rebateu Juvandia, lembrando que a remunera\u00e7\u00e3o m\u00e9dia per capita anual paga \u00e0 diretoria estatut\u00e1ria dos tr\u00eas maiores bancos privados do pa\u00eds chegar\u00e1 a R$ 12,5 milh\u00f5es em 2026.<strong> \u201cEsse valor \u00e9 mais de 120 vezes superior \u00e0 remunera\u00e7\u00e3o anual de um escritur\u00e1rio, considerando sal\u00e1rio, 13\u00ba, f\u00e9rias, t\u00edquetes e PLR. \u00c9 uma diferen\u00e7a salarial que mostra onde os bancos est\u00e3o escolhendo concentrar a renda\u201d<\/strong>, completou.<\/p>\n<p>A dirigente destacou ainda que o lucro por empregado nos bancos \u00e9 de 438 mil e nas cooperativas \u00e9 173 mil, uma diferen\u00e7a de 153% em favor dos bancos. Em outras palavras, os banc\u00e1rios s\u00e3o muito mais produtivos e lucrativos.<\/p>\n<p><strong>\u201cEles ficam alegando uma concorr\u00eancia que n\u00e3o existe, para um setor altamente concentrado\u201d<\/strong>, pontuou. <strong>\u201cN\u00e3o aceitaremos retirada de direitos. Vamos defender a minuta aprovada pelos banc\u00e1rios e banc\u00e1rias, por aumento real, valoriza\u00e7\u00e3o nos pisos, t\u00edquetes, PLR e cria\u00e7\u00e3o de um piso para os trabalhadores de TI\u201d<\/strong>, concluiu.<\/p>\n<h2>Assembleia na segunda-feira (17)<\/h2>\n<p>Diante da enrola\u00e7\u00e3o dos banqueiros, o Comando Nacional dos Banc\u00e1rios convocar\u00e1 assembleias em todo pa\u00eds para a pr\u00f3xima segunda-feira, 17 de agosto, para que a categoria delibere sobre o modelo de reajuste, divis\u00e3o da categoria e congelamento de piso, propostos pela Fenaban. A assembleia tamb\u00e9m ir\u00e1 deliberar sobre o dia nacional de mobiliza\u00e7\u00e3o, com paralisa\u00e7\u00e3o nas bases na quinta-feira, 20 de agosto.<\/p>\n<p><strong>\u201cVamos mobilizar toda a categoria. A divis\u00e3o dos trabalhadores por faixa salarial representa um ataque a nossa unidade. Vamos intensificar a mobiliza\u00e7\u00e3o, com assembleias em todo o pa\u00eds, para que os trabalhadores possam discutir e deliberar sobre os pr\u00f3ximos passos. Vamos levar \u00e0s assembleias a proposta de uma paralisa\u00e7\u00e3o de 24 horas na pr\u00f3xima quinta-feira. \u00c9 fundamental que toda a categoria participe, se mobilize, rejeite esta proposta de modelo de reajuste e mostre aos bancos que n\u00e3o vamos aceitar retrocessos\u201d<\/strong>, enfatizou a presidenta do Sindicato e coordenadora do Comando Nacional dos Banc\u00e1rios, Neiva Ribeiro.<\/p>\n<h2>Pr\u00f3xima negocia\u00e7\u00e3o<\/h2>\n<p>A pr\u00f3xima negocia\u00e7\u00e3o da Campanha Nacional Unificada dos Banc\u00e1rios 2026 est\u00e1 agendada para a pr\u00f3xima ter\u00e7a-feira, 18 de agosto.<\/p>\n<p><b>Fonte: Contraf-CUT<\/b><\/p>\n","protected":false},"excerpt":{"rendered":"<p>\u00a0 Os bancos n\u00e3o apresentaram \u00edndice de reajuste na\u00a0s\u00e9tima rodada de negocia\u00e7\u00f5es da Campanha Nacional Unificada, realizada nesta\u00a0quinta-feira (13), na capital paulista, frustrando toda a categoria.\u00a0 A proposta dos banqueiros foi de congelamento do piso de ingresso para os novos banc\u00e1rios e reajustes diferenciados para tr\u00eas faixas salariais, mas sem dizer quais seriam os par\u00e2metros [&hellip;]<\/p>\n","protected":false},"author":2,"featured_media":17368,"comment_status":"","ping_status":"","sticky":false,"template":"","format":"standard","meta":{"footnotes":""},"categories":[3],"tags":[],"class_list":["post-17369","post","type-post","status-publish","format-standard","has-post-thumbnail","hentry","category-noticias"],"_links":{"self":[{"href":"https:\/\/hostnetart.com.br\/baixada\/wp-json\/wp\/v2\/posts\/17369","targetHints":{"allow":["GET"]}}],"collection":[{"href":"https:\/\/hostnetart.com.br\/baixada\/wp-json\/wp\/v2\/posts"}],"about":[{"href":"https:\/\/hostnetart.com.br\/baixada\/wp-json\/wp\/v2\/types\/post"}],"author":[{"embeddable":true,"href":"https:\/\/hostnetart.com.br\/baixada\/wp-json\/wp\/v2\/users\/2"}],"replies":[{"embeddable":true,"href":"https:\/\/hostnetart.com.br\/baixada\/wp-json\/wp\/v2\/comments?post=17369"}],"version-history":[{"count":0,"href":"https:\/\/hostnetart.com.br\/baixada\/wp-json\/wp\/v2\/posts\/17369\/revisions"}],"wp:featuredmedia":[{"embeddable":true,"href":"https:\/\/hostnetart.com.br\/baixada\/wp-json\/wp\/v2\/media\/17368"}],"wp:attachment":[{"href":"https:\/\/hostnetart.com.br\/baixada\/wp-json\/wp\/v2\/media?parent=17369"}],"wp:term":[{"taxonomy":"category","embeddable":true,"href":"https:\/\/hostnetart.com.br\/baixada\/wp-json\/wp\/v2\/categories?post=17369"},{"taxonomy":"post_tag","embeddable":true,"href":"https:\/\/hostnetart.com.br\/baixada\/wp-json\/wp\/v2\/tags?post=17369"}],"curies":[{"name":"wp","href":"https:\/\/api.w.org\/{rel}","templated":true}]}}