{"id":17355,"date":"2026-08-06T14:05:26","date_gmt":"2026-08-06T17:05:26","guid":{"rendered":"https:\/\/hostnetart.com.br\/baixada\/bb-perde-a-oportunidade-de-apresentar-respostas-as-reivindicacoes-dos-trabalhadores\/"},"modified":"2026-08-06T14:05:26","modified_gmt":"2026-08-06T17:05:26","slug":"bb-perde-a-oportunidade-de-apresentar-respostas-as-reivindicacoes-dos-trabalhadores","status":"publish","type":"post","link":"https:\/\/hostnetart.com.br\/baixada\/bb-perde-a-oportunidade-de-apresentar-respostas-as-reivindicacoes-dos-trabalhadores\/","title":{"rendered":"BB perde a oportunidade de apresentar respostas \u00e0s reivindica\u00e7\u00f5es dos trabalhadores"},"content":{"rendered":"<p>A Comiss\u00e3o de Empresa dos Funcion\u00e1rios do Banco do Brasil (CEBB) voltou a se reunir, nesta quarta-feira (5), com o Banco do Brasil, em mais uma rodada de negocia\u00e7\u00f5es da Campanha Nacional por aumento na remunera\u00e7\u00e3o e melhores condi\u00e7\u00f5es de trabalho.<\/p>\n<p>Os trabalhadores iniciaram a rodada refor\u00e7ando as principais reivindica\u00e7\u00f5es:<\/p>\n<p><strong>&#8211; Cassi:<\/strong>\u00a0que o banco apresente um plano de custeio, com o aumento da responsabilidade da empresa na sustentabilidade da caixa de assist\u00eancia.<br \/><strong>&#8211; Metas:\u00a0<\/strong>revis\u00e3o da gest\u00e3o por metas, em vista do aumento de reclama\u00e7\u00f5es, em todo o pa\u00eds, de trabalhadores com dificuldades de alca\u00e7arem as metas impostas, a ponto de sofrerem preju\u00edzos na remunera\u00e7\u00e3o (PLR).<br \/><strong>&#8211; Isonomia:\u00a0<\/strong>igualdade de acesso e atendimento \u00e0 Cassi e Previ para os funcion\u00e1rios egressos (que ingressaram no banco em raz\u00e3o da incorpora\u00e7\u00e3o de outras institui\u00e7\u00f5es).<br \/><strong>&#8211; Previ:<\/strong>\u00a0novas melhorias Tabela PIP, para contemplar mais trabalhadores com a valoriza\u00e7\u00e3o da previd\u00eancia complementar.<br \/><strong>&#8211; PCS\/PCR:\u00a0<\/strong>aperfei\u00e7oamento do Programa de Cargos e Sal\u00e1rios (tamb\u00e9m chamado de Programa de Carreira e Remunera\u00e7\u00e3o), com foco na revis\u00e3o de crit\u00e9rios de progress\u00e3o, valoriza\u00e7\u00e3o do m\u00e9rito, reajuste de adicionais de fun\u00e7\u00e3o e atualiza\u00e7\u00e3o dos vencimentos do funcionalismo.<\/p>\n<h2>Poucos e sobrecarregados<\/h2>\n<p>Os dirigentes sindicais tamb\u00e9m refor\u00e7aram a\u00a0<strong>reivindica\u00e7\u00e3o pela abertura de concursos p\u00fablicos<\/strong>\u00a0para suprir a falta de funcion\u00e1rios em v\u00e1rias localidades do pa\u00eds.<strong>\u00a0&#8220;Filas de atendimento, colegas sobrecarregados de fun\u00e7\u00f5es e metas, casos de ag\u00eancias fechadas por falta de funcion\u00e1rios para atender clientes. Todos esses foram pontos que colocamos na mesa e que o banco s\u00f3 ir\u00e1 solucionar com a contrata\u00e7\u00e3o de novos banc\u00e1rios e banc\u00e1rias por concursos p\u00fablicos&#8221;<\/strong>, cobrou a coordenadora da CEBB, Fernanda Lopes.<\/p>\n<p>Os representantes dos trabalhadores registraram que as avalia\u00e7\u00f5es ruins de ag\u00eancias com d\u00e9ficit de funcion\u00e1rios acabam recaindo sobre os trabalhadores que, por sua vez, s\u00e3o penalizados financeiramente pelo n\u00e3o atingimento de metas.\u00a0<strong>&#8220;Novamente incorremos, neste ponto, \u00e0 quest\u00e3o de estresse e impactos negativos \u00e0 sa\u00fade f\u00edsica e mental&#8221;<\/strong>,\u00a0completou a dirigente.<\/p>\n<p>O movimento sindical criticou ainda a contrata\u00e7\u00e3o, por parte do BB, de\u00a0<strong>correspondentes banc\u00e1rios<\/strong>. Isso porque, al\u00e9m de uma forma de terceiriza\u00e7\u00e3o de servi\u00e7os, a disponibilidade do acesso \u00e0 carteira de clientes do BB aos correspondentes\u00a0<strong>fragiliza a seguran\u00e7a de dados<\/strong>.<\/p>\n<h2>Defesa do BB como banco p\u00fablico<\/h2>\n<p>A CEBB tamb\u00e9m criticou o afastamento do BB de seu papel como banco p\u00fablico.\u00a0<strong>&#8220;O Banco do Brasil tem aplicado os juros mais altos no cr\u00e9dito consignado p\u00fablico. Ent\u00e3o, al\u00e9m de isso ferir o princ\u00edpio do papel social do BB, como exigir dos funcion\u00e1rios que batam metas de venda de cr\u00e9dito, oferecendo os juros mais altos?&#8221;<\/strong>, questionou Fernanda Lopes.<\/p>\n<h2>Devolutivas dos negociadores do BB<\/h2>\n<p><strong>Cassi \u2013<\/strong>\u00a0O banco reconheceu a urg\u00eancia sobre a quest\u00e3o financeira da caixa de assist\u00eancia. Declarou que para se alcan\u00e7ar uma &#8220;solu\u00e7\u00e3o definitiva e estruturante&#8221; precisar\u00e1 de mais tempo.<\/p>\n<p><strong>Egressos \u2013<\/strong>\u00a0Sobre a Cassi, n\u00e3o apresentaram avan\u00e7os, reafirmando que ainda est\u00e3o na fase de estudos de um modelo de custeio para fraquear o acesso de todos os egressos ao plano de sa\u00fade.\u00a0<\/p>\n<p>Em rela\u00e7\u00e3o \u00e0 previd\u00eancia, tamb\u00e9m n\u00e3o apresentaram avan\u00e7os, mas se comprometeram a retomar as mesas espec\u00edficas, quando ir\u00e3o apresentar propostas de estudos que j\u00e1 desenvolveram para cobrir os egressos.<\/p>\n<p><strong>Metas \u2013\u00a0<\/strong>O banco se comprometeu a chamar uma mesa espec\u00edfica para apresentar um programa novo, chamado REVISA, onde as unidades teriam a oportunidade de pedir uma revis\u00e3o, ap\u00f3s o recebimento de indicadores.<\/p>\n<h2>Cl\u00e1usulas econ\u00f4micas e melhores condi\u00e7\u00f5es de trabalho<\/h2>\n<p>Em seguida, os negociadores do BB fizeram uma apresenta\u00e7\u00e3o na tentativa de provar que existe crescimento de carreira no banco, criticando, tamb\u00e9m, os pedidos de reajustes de verbas da minuta de reivindica\u00e7\u00f5es da categoria.<\/p>\n<p>O movimento sindical rebateu.\u00a0<strong>\u201cA minuta de reivindica\u00e7\u00f5es \u00e9 uma constru\u00e7\u00e3o democr\u00e1tica e coletiva e que envolve funcion\u00e1rios do pa\u00eds inteiro. O anseio das bases \u00e9 que o banco traga como respostas propostas de reajustes que valorizam a categoria&#8221;<\/strong>,\u00a0explicou Fernanda Lopes.<\/p>\n<p>Os trabalhadores tamb\u00e9m exigiram que o banco revise o PCS e o piso.\u00a0<strong>\u201cNa composi\u00e7\u00e3o do sal\u00e1rio hoje, no BB, existe uma verba complementar de fun\u00e7\u00e3o que impede que a remunera\u00e7\u00e3o efetiva aumente. Ent\u00e3o, conforme o funcion\u00e1rio avan\u00e7a na pontua\u00e7\u00e3o de m\u00e9rito ou na carreira de antiguidade, a verba complementar \u00e9 reduzida, n\u00e3o trazendo aumento real no sal\u00e1rio. E esse formato, simplesmente, transformou o que deveria ser piso em teto\u201d<\/strong>, pontuou o representante da Contraf-CUT na CEBB, Gustavo Tabatinga Jr.<\/p>\n<h2>Pr\u00f3xima mesa\u00a0<\/h2>\n<p>Os representantes dos trabalhadores e do BB voltar\u00e3o a se reunir no dia 14 de agosto.<strong>\u00a0&#8220;A data-base se aproxima, ent\u00e3o a nossa expectativa \u00e9 que o banco traga finalmente, no pr\u00f3ximo encontro, propostas concretas \u00e0s nossas reivindica\u00e7\u00f5es e que reflitam a responsabilidade da empresa para com a valoriza\u00e7\u00e3o dos funcion\u00e1rios e funcion\u00e1rias&#8221;<\/strong>, concluiu Fernanda Lopes.\u00a0<\/p>\n<p><strong>Fonte: Contraf-CUT<\/strong><\/p>\n","protected":false},"excerpt":{"rendered":"<p>A Comiss\u00e3o de Empresa dos Funcion\u00e1rios do Banco do Brasil (CEBB) voltou a se reunir, nesta quarta-feira (5), com o Banco do Brasil, em mais uma rodada de negocia\u00e7\u00f5es da Campanha Nacional por aumento na remunera\u00e7\u00e3o e melhores condi\u00e7\u00f5es de trabalho. Os trabalhadores iniciaram a rodada refor\u00e7ando as principais reivindica\u00e7\u00f5es: &#8211; Cassi:\u00a0que o banco apresente [&hellip;]<\/p>\n","protected":false},"author":2,"featured_media":17354,"comment_status":"","ping_status":"","sticky":false,"template":"","format":"standard","meta":{"footnotes":""},"categories":[3],"tags":[],"class_list":["post-17355","post","type-post","status-publish","format-standard","has-post-thumbnail","hentry","category-noticias"],"_links":{"self":[{"href":"https:\/\/hostnetart.com.br\/baixada\/wp-json\/wp\/v2\/posts\/17355","targetHints":{"allow":["GET"]}}],"collection":[{"href":"https:\/\/hostnetart.com.br\/baixada\/wp-json\/wp\/v2\/posts"}],"about":[{"href":"https:\/\/hostnetart.com.br\/baixada\/wp-json\/wp\/v2\/types\/post"}],"author":[{"embeddable":true,"href":"https:\/\/hostnetart.com.br\/baixada\/wp-json\/wp\/v2\/users\/2"}],"replies":[{"embeddable":true,"href":"https:\/\/hostnetart.com.br\/baixada\/wp-json\/wp\/v2\/comments?post=17355"}],"version-history":[{"count":0,"href":"https:\/\/hostnetart.com.br\/baixada\/wp-json\/wp\/v2\/posts\/17355\/revisions"}],"wp:featuredmedia":[{"embeddable":true,"href":"https:\/\/hostnetart.com.br\/baixada\/wp-json\/wp\/v2\/media\/17354"}],"wp:attachment":[{"href":"https:\/\/hostnetart.com.br\/baixada\/wp-json\/wp\/v2\/media?parent=17355"}],"wp:term":[{"taxonomy":"category","embeddable":true,"href":"https:\/\/hostnetart.com.br\/baixada\/wp-json\/wp\/v2\/categories?post=17355"},{"taxonomy":"post_tag","embeddable":true,"href":"https:\/\/hostnetart.com.br\/baixada\/wp-json\/wp\/v2\/tags?post=17355"}],"curies":[{"name":"wp","href":"https:\/\/api.w.org\/{rel}","templated":true}]}}