{"id":1735,"date":"2013-11-26T00:00:00","date_gmt":"2013-11-26T02:00:00","guid":{"rendered":"https:\/\/hostnetart.com.br\/baixada\/comando-nacional-avalia-nesta-terca-campanha-2013-e-projeta-2014\/"},"modified":"2013-11-26T00:00:00","modified_gmt":"2013-11-26T02:00:00","slug":"comando-nacional-avalia-nesta-terca-campanha-2013-e-projeta-2014","status":"publish","type":"post","link":"https:\/\/hostnetart.com.br\/baixada\/comando-nacional-avalia-nesta-terca-campanha-2013-e-projeta-2014\/","title":{"rendered":"Comando Nacional avalia nesta ter\u00e7a Campanha 2013 e projeta 2014"},"content":{"rendered":"<p>O Comando Nacional dos Banc\u00e1rios, coordenado pela Contraf-CUT, se re\u00fane nesta ter\u00e7a-feira (26), em Bras\u00edlia, para fazer a avalia\u00e7\u00e3o da Campanha 2013. Ap\u00f3s uma greve nacional de at\u00e9 26 dias, que chegou a paralisar 12.140 ag\u00eancias e centros administrativos em todo pa\u00eds, a categoria arrancou aumento real do sal\u00e1rio pelo d\u00e9cimo ano consecutivo, al\u00e9m de outras importantes conquistas sociais e econ\u00f4micas. A reuni\u00e3o visa tamb\u00e9m planejar o calend\u00e1rio de organiza\u00e7\u00e3o da Campanha 2014.<\/p>\n<p>\u201cSob o mote de \u2018Vem pra luta\u2019, foi a campanha da ousadia, da mobiliza\u00e7\u00e3o e da unidade da categoria, que mais uma vez conquistou aumento real, valoriza\u00e7\u00e3o do piso e melhoria da PLR. Os banc\u00e1rios deram mais uma grande demonstra\u00e7\u00e3o de for\u00e7a, quebrando a intransig\u00eancia dos bancos, que este ano tinham a estrat\u00e9gia clara de acabar com os aumentos reais e rebaixar conquistas para reduzir custos, de vencer os banc\u00e1rios pelo cansa\u00e7o e de punir os grevistas com o desconto dos dias parados\u201d, afirma Carlos Cordeiro, presidente da Contraf-CUT e coordenador do Comando Nacional.<\/p>\n<p>\u201cTivemos tamb\u00e9m avan\u00e7os expressivos na quest\u00e3o da sa\u00fade e condi\u00e7\u00f5es de trabalho, como a proibi\u00e7\u00e3o de as empresas enviarem torpedos aos banc\u00e1rios cobrando resultados, a cria\u00e7\u00e3o do grupo de trabalho que vai discutir e identificar por que os banc\u00e1rios est\u00e3o adoecendo tanto e a concess\u00e3o de um dia de folga-assiduidade para cada banc\u00e1rio\u201d, salienta Cordeiro.<\/p>\n<p>Outra conquista social foi o vale-cultura, inicialmente para os banc\u00e1rios que ganham at\u00e9 cinco sal\u00e1rios m\u00ednimos. \u201cIsso permitir\u00e1 que mais trabalhadores tenham acesso \u00e0 literatura, ao cinema, ao teatro, aos espet\u00e1culos de m\u00fasica, valorizando a cultura em todo o pa\u00eds\u201d, destaca o presidente da Contraf-CUT.<\/p>\n<p>No final da greve, os banc\u00e1rios ainda derrotaram a proposta da Fenaban de compensar os dias parados em 180 dias. Com a resist\u00eancia do Comando, a compensa\u00e7\u00e3o foi reduzida e est\u00e1 sendo feita somente com a realiza\u00e7\u00e3o de uma hora di\u00e1ria at\u00e9 15 de dezembro.<\/p>\n<p>\u201cConquistamos ainda importantes avan\u00e7os nas negocia\u00e7\u00f5es espec\u00edficas com os bancos p\u00fablicos federais e estaduais, melhorando as condi\u00e7\u00f5es de trabalho\u201d, acrescenta Cordeiro.<\/p>\n<p>\u201cAl\u00e9m disso, a mobiliza\u00e7\u00e3o dos banc\u00e1rios foi fundamental na press\u00e3o da CUT e das centrais sindicais que obteve o adiamento da vota\u00e7\u00e3o do Projeto de Lei (PL) 4330 na C\u00e2mara dos Deputados, que, se aprovado, iria precarizar o trabalho e legalizar a terceiriza\u00e7\u00e3o em todas as \u00e1reas das empresas, permitindo terceirizar at\u00e9 caixas e gerentes, possibilitando a extin\u00e7\u00e3o da categoria banc\u00e1ria\u201d, aponta o dirigente sindical.<\/p>\n<p><strong>Planejando 2014<\/strong><\/p>\n<p>A reuni\u00e3o do Comando vai projetar tamb\u00e9m a organiza\u00e7\u00e3o da Campanha 2014. \u201cPrecisamos come\u00e7ar a planejar desde agora a campanha do ano que vem, olhando para o calend\u00e1rio das atividades dos sindicatos e levando em conta a realiza\u00e7\u00e3o da Copa do Mundo no Brasil entre 12 de junho e 13 de julho\u201d, aponta Cordeiro.<\/p>\n<p>\u201cCom planejamento e estrat\u00e9gia, esperamos organizar novas vit\u00f3rias em 2014 para avan\u00e7ar ainda mais as conquistas dos banc\u00e1rios e da classe trabalhadora, na perspectiva de transformar a sociedade e construir um pa\u00eds mais justo e igualit\u00e1rio\u201d, projeta o presidente da Contraf-CUT.<\/p>\n<p>Fonte: Contraf-CUT<\/p>\n","protected":false},"excerpt":{"rendered":"<p>O Comando Nacional dos Banc\u00e1rios, coordenado pela Contraf-CUT, se re\u00fane nesta ter\u00e7a-feira (26), em Bras\u00edlia, para fazer a avalia\u00e7\u00e3o da Campanha 2013. Ap\u00f3s uma greve nacional de at\u00e9 26 dias, que chegou a paralisar 12.140 ag\u00eancias e centros administrativos em todo pa\u00eds, a categoria arrancou aumento real do sal\u00e1rio pelo d\u00e9cimo ano consecutivo, al\u00e9m de [&hellip;]<\/p>\n","protected":false},"author":1,"featured_media":0,"comment_status":"","ping_status":"","sticky":false,"template":"","format":"standard","meta":{"footnotes":""},"categories":[3],"tags":[],"class_list":["post-1735","post","type-post","status-publish","format-standard","hentry","category-noticias"],"_links":{"self":[{"href":"https:\/\/hostnetart.com.br\/baixada\/wp-json\/wp\/v2\/posts\/1735","targetHints":{"allow":["GET"]}}],"collection":[{"href":"https:\/\/hostnetart.com.br\/baixada\/wp-json\/wp\/v2\/posts"}],"about":[{"href":"https:\/\/hostnetart.com.br\/baixada\/wp-json\/wp\/v2\/types\/post"}],"author":[{"embeddable":true,"href":"https:\/\/hostnetart.com.br\/baixada\/wp-json\/wp\/v2\/users\/1"}],"replies":[{"embeddable":true,"href":"https:\/\/hostnetart.com.br\/baixada\/wp-json\/wp\/v2\/comments?post=1735"}],"version-history":[{"count":0,"href":"https:\/\/hostnetart.com.br\/baixada\/wp-json\/wp\/v2\/posts\/1735\/revisions"}],"wp:attachment":[{"href":"https:\/\/hostnetart.com.br\/baixada\/wp-json\/wp\/v2\/media?parent=1735"}],"wp:term":[{"taxonomy":"category","embeddable":true,"href":"https:\/\/hostnetart.com.br\/baixada\/wp-json\/wp\/v2\/categories?post=1735"},{"taxonomy":"post_tag","embeddable":true,"href":"https:\/\/hostnetart.com.br\/baixada\/wp-json\/wp\/v2\/tags?post=1735"}],"curies":[{"name":"wp","href":"https:\/\/api.w.org\/{rel}","templated":true}]}}