{"id":17343,"date":"2026-08-04T20:51:01","date_gmt":"2026-08-04T23:51:01","guid":{"rendered":"https:\/\/hostnetart.com.br\/baixada\/ate-outubro-todos-os-espacos-itau-de-negocios-terao-vigilantes\/"},"modified":"2026-08-04T20:51:01","modified_gmt":"2026-08-04T23:51:01","slug":"ate-outubro-todos-os-espacos-itau-de-negocios-terao-vigilantes","status":"publish","type":"post","link":"https:\/\/hostnetart.com.br\/baixada\/ate-outubro-todos-os-espacos-itau-de-negocios-terao-vigilantes\/","title":{"rendered":"At\u00e9 outubro, todos os Espa\u00e7os Ita\u00fa de Neg\u00f3cios ter\u00e3o vigilantes"},"content":{"rendered":"<p>Ao longo dos \u00faltimos anos, o movimento sindical travou uma intensa luta para garantir mais seguran\u00e7a nos Espa\u00e7os Ita\u00fa de Neg\u00f3cios. Como resultado dessa mobiliza\u00e7\u00e3o, o Ita\u00fa informou que todas essas unidades passar\u00e3o a contar com vigilantes at\u00e9 o m\u00eas de outubro, atendendo a uma reivindica\u00e7\u00e3o hist\u00f3rica dos trabalhadores.<\/p>\n<p>Desde o in\u00edcio da transforma\u00e7\u00e3o das ag\u00eancias em Espa\u00e7os Ita\u00fa de Neg\u00f3cios, sindicatos de todo o pa\u00eds denunciaram a aus\u00eancia de vigilantes e os riscos a que banc\u00e1rios, banc\u00e1rias e clientes estavam submetidos. Durante esse per\u00edodo, foram realizadas paralisa\u00e7\u00f5es, protestos, manifesta\u00e7\u00f5es e diversas a\u00e7\u00f5es para cobrar uma solu\u00e7\u00e3o definitiva do banco.<\/p>\n<p>Em diferentes regi\u00f5es do pa\u00eds, a falta de seguran\u00e7a resultou em situa\u00e7\u00f5es graves, como assaltos a clientes e funcion\u00e1rios, golpes em caixas eletr\u00f4nicos, atos de vandalismo e epis\u00f3dios de viol\u00eancia dentro das unidades.<\/p>\n<p>Al\u00e9m das mobiliza\u00e7\u00f5es, o movimento sindical promoveu audi\u00eancias p\u00fablicas, realizou reuni\u00f5es com Secretarias de Seguran\u00e7a e apresentou den\u00fancias aos \u00f3rg\u00e3os competentes, refor\u00e7ando a necessidade de garantir condi\u00e7\u00f5es adequadas de prote\u00e7\u00e3o para quem trabalha e utiliza os servi\u00e7os banc\u00e1rios.<\/p>\n<p>A reivindica\u00e7\u00e3o tamb\u00e9m foi levada \u00e0 mesa de negocia\u00e7\u00e3o pela Comiss\u00e3o de Organiza\u00e7\u00e3o dos Empregados (COE) do Ita\u00fa e integrou a pauta espec\u00edfica entregue ao banco em 1\u00ba de julho, ap\u00f3s o Encontro Nacional dos Banc\u00e1rios e Banc\u00e1rias do Ita\u00fa, realizado em 19 de junho, em S\u00e3o Paulo.<\/p>\n<p>Segundo o banco, at\u00e9 outubro todos os Espa\u00e7os Ita\u00fa de Neg\u00f3cios estar\u00e3o com vigilantes, ampliando a prote\u00e7\u00e3o aos trabalhadores e aos clientes.<\/p>\n<p>Para a coordenadora da COE Ita\u00fa, Valeska Pincovai, a decis\u00e3o representa uma importante vit\u00f3ria da organiza\u00e7\u00e3o e da persist\u00eancia do movimento sindical. &#8220;Essa \u00e9 uma conquista da nossa mobiliza\u00e7\u00e3o, da nossa luta e da insist\u00eancia do movimento sindical em mostrar ao Ita\u00fa que a vida das pessoas precisa estar acima do lucro. Conseguimos sensibilizar o banco de que n\u00e3o era mais aceit\u00e1vel expor clientes e trabalhadores a situa\u00e7\u00f5es de risco e viol\u00eancia. Os banc\u00e1rios j\u00e1 convivem diariamente com a press\u00e3o por metas e pelo adoecimento causado pela organiza\u00e7\u00e3o do trabalho, e ainda eram obrigados a enfrentar o medo constante da falta de seguran\u00e7a. A instala\u00e7\u00e3o de vigilantes em todos os Espa\u00e7os Ita\u00fa de Neg\u00f3cios \u00e9 uma vit\u00f3ria coletiva e demonstra que a negocia\u00e7\u00e3o e a mobiliza\u00e7\u00e3o dos trabalhadores s\u00e3o capazes de transformar a realidade.&#8221;<\/p>\n<p><strong>Fonte: Contraf-CUT<\/strong><\/p>\n","protected":false},"excerpt":{"rendered":"<p>Ao longo dos \u00faltimos anos, o movimento sindical travou uma intensa luta para garantir mais seguran\u00e7a nos Espa\u00e7os Ita\u00fa de Neg\u00f3cios. Como resultado dessa mobiliza\u00e7\u00e3o, o Ita\u00fa informou que todas essas unidades passar\u00e3o a contar com vigilantes at\u00e9 o m\u00eas de outubro, atendendo a uma reivindica\u00e7\u00e3o hist\u00f3rica dos trabalhadores. Desde o in\u00edcio da transforma\u00e7\u00e3o das [&hellip;]<\/p>\n","protected":false},"author":2,"featured_media":17342,"comment_status":"","ping_status":"","sticky":false,"template":"","format":"standard","meta":{"footnotes":""},"categories":[3],"tags":[],"class_list":["post-17343","post","type-post","status-publish","format-standard","has-post-thumbnail","hentry","category-noticias"],"_links":{"self":[{"href":"https:\/\/hostnetart.com.br\/baixada\/wp-json\/wp\/v2\/posts\/17343","targetHints":{"allow":["GET"]}}],"collection":[{"href":"https:\/\/hostnetart.com.br\/baixada\/wp-json\/wp\/v2\/posts"}],"about":[{"href":"https:\/\/hostnetart.com.br\/baixada\/wp-json\/wp\/v2\/types\/post"}],"author":[{"embeddable":true,"href":"https:\/\/hostnetart.com.br\/baixada\/wp-json\/wp\/v2\/users\/2"}],"replies":[{"embeddable":true,"href":"https:\/\/hostnetart.com.br\/baixada\/wp-json\/wp\/v2\/comments?post=17343"}],"version-history":[{"count":0,"href":"https:\/\/hostnetart.com.br\/baixada\/wp-json\/wp\/v2\/posts\/17343\/revisions"}],"wp:featuredmedia":[{"embeddable":true,"href":"https:\/\/hostnetart.com.br\/baixada\/wp-json\/wp\/v2\/media\/17342"}],"wp:attachment":[{"href":"https:\/\/hostnetart.com.br\/baixada\/wp-json\/wp\/v2\/media?parent=17343"}],"wp:term":[{"taxonomy":"category","embeddable":true,"href":"https:\/\/hostnetart.com.br\/baixada\/wp-json\/wp\/v2\/categories?post=17343"},{"taxonomy":"post_tag","embeddable":true,"href":"https:\/\/hostnetart.com.br\/baixada\/wp-json\/wp\/v2\/tags?post=17343"}],"curies":[{"name":"wp","href":"https:\/\/api.w.org\/{rel}","templated":true}]}}