{"id":17335,"date":"2026-07-28T14:49:22","date_gmt":"2026-07-28T17:49:22","guid":{"rendered":"https:\/\/hostnetart.com.br\/baixada\/sindicato-dos-bancarios-da-baixada-fluminense-realiza-dia-nacional-de-luta-por-remuneracao\/"},"modified":"2026-07-28T14:49:22","modified_gmt":"2026-07-28T17:49:22","slug":"sindicato-dos-bancarios-da-baixada-fluminense-realiza-dia-nacional-de-luta-por-remuneracao","status":"publish","type":"post","link":"https:\/\/hostnetart.com.br\/baixada\/sindicato-dos-bancarios-da-baixada-fluminense-realiza-dia-nacional-de-luta-por-remuneracao\/","title":{"rendered":"Sindicato dos Banc\u00e1rios da Baixada Fluminense realiza Dia Nacional de Luta por Remunera\u00e7\u00e3o"},"content":{"rendered":"<p>Nesta ter\u00e7a-feira (28 de julho), o Sindicato dos Banc\u00e1rios da Baixada Fluminense realizou um\u00a0<strong>Dia Nacional de Luta por Remunera\u00e7\u00e3o<\/strong>.<\/p>\n<div class=\"elementor elementor-12262 elementor-location-single post-30536 post type-post status-publish format-standard has-post-thumbnail hentry category-ultimas-noticias\" data-elementor-type=\"single-post\" data-elementor-id=\"12262\" data-elementor-settings=\"[]\">\n<div class=\"elementor-section-wrap\">\n<section class=\"elementor-section elementor-top-section elementor-element elementor-element-e256549 elementor-section-boxed elementor-section-height-default elementor-section-height-default\" data-id=\"e256549\" data-element_type=\"section\" data-settings=\"{&quot;background_background&quot;:&quot;classic&quot;}\">\n<div class=\"elementor-container elementor-column-gap-default\">\n<div class=\"elementor-row\">\n<div class=\"elementor-column elementor-col-100 elementor-top-column elementor-element elementor-element-3aa54a3\" data-id=\"3aa54a3\" data-element_type=\"column\">\n<div class=\"elementor-column-wrap elementor-element-populated\">\n<div class=\"elementor-widget-wrap\">\n<div class=\"elementor-element elementor-element-43a09ee elementor-widget elementor-widget-theme-post-content\" data-id=\"43a09ee\" data-element_type=\"widget\" data-widget_type=\"theme-post-content.default\">\n<div class=\"elementor-widget-container\">\n<p>O ato ocorreu em frente ao Santander do Centro de Duque de Caxias, e faz parte do\u00a0Calend\u00e1rio de Mobiliza\u00e7\u00e3o da Campanha Nacional dos Banc\u00e1rios 2026.<\/p>\n<p>O objetivo \u00e9 refor\u00e7ar a conscientiza\u00e7\u00e3o na categoria de que os bancos t\u00eam plena capacidade de absorver as reivindica\u00e7\u00f5es por aumento salarial e melhorias nas condi\u00e7\u00f5es de trabalho.<\/p>\n<p>A pr\u00f3xima negocia\u00e7\u00e3o com a Fenaban est\u00e1 agendada para o dia 30 de julho, quinta-feira.<\/p>\n<p><em>*confira mais fotos em nossas redes sociais<\/em><\/p>\n<h2>\u00a0<\/h2>\n<\/div>\n<\/div>\n<\/div>\n<\/div>\n<\/div>\n<\/div>\n<\/div>\n<\/section>\n<\/div>\n<\/div>\n<div class=\"elementor elementor-12132 elementor-location-footer\" data-elementor-type=\"footer\" data-elementor-id=\"12132\" data-elementor-settings=\"[]\">\u00a0<\/div>\n","protected":false},"excerpt":{"rendered":"<p>Nesta ter\u00e7a-feira (28 de julho), o Sindicato dos Banc\u00e1rios da Baixada Fluminense realizou um\u00a0Dia Nacional de Luta por Remunera\u00e7\u00e3o. O ato ocorreu em frente ao Santander do Centro de Duque de Caxias, e faz parte do\u00a0Calend\u00e1rio de Mobiliza\u00e7\u00e3o da Campanha Nacional dos Banc\u00e1rios 2026. O objetivo \u00e9 refor\u00e7ar a conscientiza\u00e7\u00e3o na categoria de que os [&hellip;]<\/p>\n","protected":false},"author":2,"featured_media":17334,"comment_status":"","ping_status":"","sticky":false,"template":"","format":"standard","meta":{"footnotes":""},"categories":[3],"tags":[],"class_list":["post-17335","post","type-post","status-publish","format-standard","has-post-thumbnail","hentry","category-noticias"],"_links":{"self":[{"href":"https:\/\/hostnetart.com.br\/baixada\/wp-json\/wp\/v2\/posts\/17335","targetHints":{"allow":["GET"]}}],"collection":[{"href":"https:\/\/hostnetart.com.br\/baixada\/wp-json\/wp\/v2\/posts"}],"about":[{"href":"https:\/\/hostnetart.com.br\/baixada\/wp-json\/wp\/v2\/types\/post"}],"author":[{"embeddable":true,"href":"https:\/\/hostnetart.com.br\/baixada\/wp-json\/wp\/v2\/users\/2"}],"replies":[{"embeddable":true,"href":"https:\/\/hostnetart.com.br\/baixada\/wp-json\/wp\/v2\/comments?post=17335"}],"version-history":[{"count":0,"href":"https:\/\/hostnetart.com.br\/baixada\/wp-json\/wp\/v2\/posts\/17335\/revisions"}],"wp:featuredmedia":[{"embeddable":true,"href":"https:\/\/hostnetart.com.br\/baixada\/wp-json\/wp\/v2\/media\/17334"}],"wp:attachment":[{"href":"https:\/\/hostnetart.com.br\/baixada\/wp-json\/wp\/v2\/media?parent=17335"}],"wp:term":[{"taxonomy":"category","embeddable":true,"href":"https:\/\/hostnetart.com.br\/baixada\/wp-json\/wp\/v2\/categories?post=17335"},{"taxonomy":"post_tag","embeddable":true,"href":"https:\/\/hostnetart.com.br\/baixada\/wp-json\/wp\/v2\/tags?post=17335"}],"curies":[{"name":"wp","href":"https:\/\/api.w.org\/{rel}","templated":true}]}}