{"id":17333,"date":"2026-07-28T14:47:20","date_gmt":"2026-07-28T17:47:20","guid":{"rendered":"https:\/\/hostnetart.com.br\/baixada\/apos-reivindicacao-da-coe-itau-flexibiliza-regras-de-mobilidade-para-visitas-comerciais\/"},"modified":"2026-07-28T14:47:20","modified_gmt":"2026-07-28T17:47:20","slug":"apos-reivindicacao-da-coe-itau-flexibiliza-regras-de-mobilidade-para-visitas-comerciais","status":"publish","type":"post","link":"https:\/\/hostnetart.com.br\/baixada\/apos-reivindicacao-da-coe-itau-flexibiliza-regras-de-mobilidade-para-visitas-comerciais\/","title":{"rendered":"Ap\u00f3s reivindica\u00e7\u00e3o da COE, Ita\u00fa flexibiliza regras de mobilidade para visitas comerciais"},"content":{"rendered":"<p>Uma reivindica\u00e7\u00e3o apresentada pela Comiss\u00e3o de Organiza\u00e7\u00e3o dos Empregados (COE) do Ita\u00fa na pauta espec\u00edfica da Campanha Nacional dos Banc\u00e1rios 2026 j\u00e1 resultou em um importante avan\u00e7o para os trabalhadores que realizam visitas comerciais. O banco comunicou oficialmente, nesta quarta-feira (24), que os empregados dos times de Neg\u00f3cios PJ poder\u00e3o utilizar aplicativos de mobilidade, como Uber e similares, em situa\u00e7\u00f5es excepcionais ou quando essa alternativa for mais adequada.<\/p>\n<p>O tema foi apresentado pela COE ao banco na entrega da minuta espec\u00edfica, em 1\u00ba de julho. A preocupa\u00e7\u00e3o dos representantes dos trabalhadores era com a interpreta\u00e7\u00e3o que vinha sendo adotada por algumas lideran\u00e7as, que, na pr\u00e1tica, impedia empregados que utilizavam ve\u00edculo pr\u00f3prio e recebiam reembolso mensal de recorrerem a aplicativos de transporte durante as visitas aos clientes.<\/p>\n<p>Em comunicado enviado \u00e0 COE, o Ita\u00fa esclareceu que permanecem vigentes as pol\u00edticas corporativas sobre deslocamento e mobilidade, mas reconheceu que a orienta\u00e7\u00e3o para priorizar o uso do ve\u00edculo pr\u00f3prio n\u00e3o impede a utiliza\u00e7\u00e3o de aplicativos quando essa alternativa se mostrar mais adequada sob os aspectos operacionais, de seguran\u00e7a ou de efici\u00eancia.<\/p>\n<p>O banco informou ainda que refor\u00e7ou \u00e0s lideran\u00e7as que as diretrizes devem considerar as particularidades de cada regi\u00e3o, a natureza das atividades desempenhadas e, principalmente, a seguran\u00e7a dos trabalhadores.<\/p>\n<p>Para a coordenadora da COE Ita\u00fa, Valeska Pincovai, a mudan\u00e7a representa uma conquista constru\u00edda pela mobiliza\u00e7\u00e3o dos representantes dos empregados. &#8220;Essa \u00e9 uma conquista importante da COE. Levamos esse tema para a mesa de negocia\u00e7\u00e3o porque receb\u00edamos muitas reclama\u00e7\u00f5es de colegas que estavam sendo impedidos de utilizar aplicativos de mobilidade, mesmo em situa\u00e7\u00f5es em que essa era a alternativa mais segura ou eficiente. O esclarecimento do banco corrige essa distor\u00e7\u00e3o e traz mais seguran\u00e7a para quem est\u00e1 diariamente nas ruas atendendo clientes. Agora esperamos avan\u00e7ar em outro ponto essencial da pauta: a atualiza\u00e7\u00e3o dos valores do reembolso de combust\u00edvel, que hoje est\u00e3o defasados e n\u00e3o refletem a realidade dos custos enfrentados pelos trabalhadores.&#8221;<\/p>\n<p>A COE tamb\u00e9m segue cobrando do Ita\u00fa a revis\u00e3o dos valores pagos pelo reembolso de combust\u00edvel. Atualmente, o banco adota um valor \u00fanico para todo o pa\u00eds, sem considerar as diferen\u00e7as de pre\u00e7os praticados entre estados, regi\u00f5es metropolitanas e cidades do interior. Para a representa\u00e7\u00e3o dos trabalhadores, o modelo est\u00e1 defasado e n\u00e3o acompanha o custo m\u00e9dio dos combust\u00edveis, fazendo com que muitos empregados precisem complementar, com recursos pr\u00f3prios, as despesas geradas pelas visitas comerciais. A proposta defendida pela COE \u00e9 que o banco estabele\u00e7a crit\u00e9rios regionalizados, levando em considera\u00e7\u00e3o as m\u00e9dias de pre\u00e7os dos combust\u00edveis em cada estado ou, ao menos, diferenciando os valores entre regi\u00f5es metropolitanas e o interior.<\/p>\n<p><em>Fonte: Contraf-CUT<\/em><\/p>\n","protected":false},"excerpt":{"rendered":"<p>Uma reivindica\u00e7\u00e3o apresentada pela Comiss\u00e3o de Organiza\u00e7\u00e3o dos Empregados (COE) do Ita\u00fa na pauta espec\u00edfica da Campanha Nacional dos Banc\u00e1rios 2026 j\u00e1 resultou em um importante avan\u00e7o para os trabalhadores que realizam visitas comerciais. O banco comunicou oficialmente, nesta quarta-feira (24), que os empregados dos times de Neg\u00f3cios PJ poder\u00e3o utilizar aplicativos de mobilidade, como [&hellip;]<\/p>\n","protected":false},"author":2,"featured_media":17332,"comment_status":"","ping_status":"","sticky":false,"template":"","format":"standard","meta":{"footnotes":""},"categories":[3],"tags":[],"class_list":["post-17333","post","type-post","status-publish","format-standard","has-post-thumbnail","hentry","category-noticias"],"_links":{"self":[{"href":"https:\/\/hostnetart.com.br\/baixada\/wp-json\/wp\/v2\/posts\/17333","targetHints":{"allow":["GET"]}}],"collection":[{"href":"https:\/\/hostnetart.com.br\/baixada\/wp-json\/wp\/v2\/posts"}],"about":[{"href":"https:\/\/hostnetart.com.br\/baixada\/wp-json\/wp\/v2\/types\/post"}],"author":[{"embeddable":true,"href":"https:\/\/hostnetart.com.br\/baixada\/wp-json\/wp\/v2\/users\/2"}],"replies":[{"embeddable":true,"href":"https:\/\/hostnetart.com.br\/baixada\/wp-json\/wp\/v2\/comments?post=17333"}],"version-history":[{"count":0,"href":"https:\/\/hostnetart.com.br\/baixada\/wp-json\/wp\/v2\/posts\/17333\/revisions"}],"wp:featuredmedia":[{"embeddable":true,"href":"https:\/\/hostnetart.com.br\/baixada\/wp-json\/wp\/v2\/media\/17332"}],"wp:attachment":[{"href":"https:\/\/hostnetart.com.br\/baixada\/wp-json\/wp\/v2\/media?parent=17333"}],"wp:term":[{"taxonomy":"category","embeddable":true,"href":"https:\/\/hostnetart.com.br\/baixada\/wp-json\/wp\/v2\/categories?post=17333"},{"taxonomy":"post_tag","embeddable":true,"href":"https:\/\/hostnetart.com.br\/baixada\/wp-json\/wp\/v2\/tags?post=17333"}],"curies":[{"name":"wp","href":"https:\/\/api.w.org\/{rel}","templated":true}]}}