{"id":1733,"date":"2013-11-26T00:00:00","date_gmt":"2013-11-26T02:00:00","guid":{"rendered":"https:\/\/hostnetart.com.br\/baixada\/palestra-sobre-rosa-luxemburgo-abre-3-encontro-nacional-das-bancarias\/"},"modified":"2013-11-26T00:00:00","modified_gmt":"2013-11-26T02:00:00","slug":"palestra-sobre-rosa-luxemburgo-abre-3-encontro-nacional-das-bancarias","status":"publish","type":"post","link":"https:\/\/hostnetart.com.br\/baixada\/palestra-sobre-rosa-luxemburgo-abre-3-encontro-nacional-das-bancarias\/","title":{"rendered":"Palestra sobre Rosa Luxemburgo abre 3\u00ba Encontro Nacional das Banc\u00e1rias"},"content":{"rendered":"<p>Come\u00e7ou nesta segunda-feira 25 o 3\u00ba Encontro Nacional das Mulheres Banc\u00e1rias, promovido pela Contraf-CUT, com uma palestra sobre a fil\u00f3sofa e economista Rosa Luxemburgo. O encontro, que est\u00e1 sendo realizado no Instituto Cajamar, em S\u00e3o Paulo, vai at\u00e9 o dia 27, com palestras e debates sobre a quest\u00e3o de g\u00eanero, participa\u00e7\u00e3o e organiza\u00e7\u00e3o das trabalhadoras. Participam 98 sindicalistas de todo o pa\u00eds.<\/p>\n<p>\u201cNosso desafio \u00e9 encontrar caminhos para romper com a explora\u00e7\u00e3o e a discrimina\u00e7\u00e3o de g\u00eanero, uma vez que as mulheres, metade da popula\u00e7\u00e3o, t\u00eam desvantagens hist\u00f3ricas . Na categoria banc\u00e1ria, essa discrimina\u00e7\u00e3o se expressa dentro dos bancos com o tratamento desigual entre homens e mulheres, mas tamb\u00e9m dentro dos sindicatos, onde temos muitas barreiras a romper\u201d, disse na abertura do encontro a secret\u00e1ria da Mulher da Contraf-CUT, Deise Recoaro.<\/p>\n<p><strong>Rosa Luxemburgo como inspira\u00e7\u00e3o<\/strong><\/p>\n<p>A primeira palestra do encontro foi \u201cA obra de Rosa Luxemburgo na atualidade\u201d, com a professora Isabel Loureiro. Segundo ela, embora a fil\u00f3sofa, economista e militante polonesa-alem\u00e3 n\u00e3o tenha sido vista como uma feminista por seus contempor\u00e2neos, ela foi defensora do voto feminino e inspira\u00e7\u00e3o de atua\u00e7\u00e3o pol\u00edtica: \u201cQuando nenhuma mulher militava politicamente, ela foi capaz de enfrentar essa barreira e ocupar o espa\u00e7o p\u00fablico\u201d.<\/p>\n<p>Segundo a professora, a redescoberta de Rosa Luxemburgo pelo movimento feminista aconteceu nos anos 1980, quando a sua m\u00e1xima de que a liberdade n\u00e3o pode ser outorgada, mas sim conquistada, dentro do princ\u00edpio de que \u201ca emancipa\u00e7\u00e3o dos trabalhadores \u00e9 obra dos trabalhadores\u201d, passou a nortear as lutas das mulheres.<\/p>\n<p>\u201cPelo pensamento de Rosa Luxemburgo, as mulheres t\u00eam que atuar politicamente por si mesmas e n\u00e3o deixar outros agirem em seu lugar. O conceito de autonomia das massas, passa a ser pensado em termos da autonomia da mulher. Temos que nos libertar a n\u00f3s mesmas\u201d, defendeu a professora.<\/p>\n<p><strong>A programa\u00e7\u00e3o do Encontro<\/strong><\/p>\n<p><strong>Dia 26 \u2013 Ter\u00e7a-feira<\/strong><\/p>\n<p>9h \u00e0s 10h30 \u2013 An\u00e1lise de conjuntura com N\u00e9stor Bercovich \u2013 representando a divis\u00e3o de assuntos de g\u00eanero da Comiss\u00e3o Econ\u00f4mica para Am\u00e9rica Latina e Caribe (Cepal,)e Erika Kokay, deputada federal (PT\/DF).<\/p>\n<p>10h30 \u00e0s 11h- Apresenta\u00e7\u00e3o de trecho da pe\u00e7a \u201cCarne\u201d da Kiwi Companhia de Teatro.<\/p>\n<p>11h \u00e0s 12h30- Debate em plen\u00e1rio sobre contexto da pe\u00e7a.<\/p>\n<p>14h \u00e0s 14h20- \u201cArticula\u00e7\u00e3o entre Trabalho Produtivo e Trabalho Reprodutivo\u201d, com Marilane Oliveira Teixeira \u2013 economista, pesquisadora do Cesit\/Unicamp e assessora sindical.<\/p>\n<p>14h20 \u00e0s 14h40- \u201cTrabalho, Corpo e Subjetividade\u201d, com o Prof. Giovanni Alves, da Unesp Mar\u00edlia.<\/p>\n<p>14h40 \u00e0s 15h- \u201cUma avalia\u00e7\u00e3o do Pr\u00f3-equidade nos Bancos P\u00fablicos\u201d, com Gl\u00e1ucia Fraccaro \u2013 pesquisadora-membro do Comit\u00ea de Pesquisas.<\/p>\n<p>15h20 \u00e0s 18h00 Debate com convidadas e convidados.<\/p>\n<p>20h- Confraterniza\u00e7\u00e3o \u2013 Apresenta\u00e7\u00e3o da Banda Fulanas de Tao (Contribui\u00e7\u00e3o do SEEB ABC)<\/p>\n<p><strong>Dia 27 \u2013 Quarta-feira<\/strong><\/p>\n<p>9hh \u00e0s 10h Exposi\u00e7\u00e3o: \u201cO Trabalho Banc\u00e1rio e as Mulheres\u201d, com Barbara Vallejos Vazquez \u2013 subse\u00e7\u00e3o Dieese\/Contraf-CUT.<\/p>\n<p>10h \u00e0s 10h20- \u201cParidade na CUT e as a\u00e7\u00f5es das mulheres em 2014\u2033, com Carmen Foro \u2013 vice-presidenta da CUT Nacional.<\/p>\n<p>10h20 \u00e0s 10h40- \u201cReforma Pol\u00edtica e as Mulheres\u201d, com Juvandia Moreira Leite \u2013 presidenta do Sindicato dos Banc\u00e1rios de S\u00e3o Paulo, Osasco e regi\u00e3o.<\/p>\n<p>10h40 \u00e0s 11h-\u201dCampanha da UNI Am\u00e9ricas por Equidade de G\u00eanero\u201d, com Briceida Gonzalez \u2013 Diretora Regional UNI Am\u00e9ricas.<\/p>\n<p>11h \u00e0s 12h30- Debate com as convidadas.<\/p>\n<p>14h \u00e0s 16h \u2013 Forma\u00e7\u00e3o do Coletivo Nacional de Mulheres;<br \/>&#8211; Calend\u00e1rio de atividades<\/p>\n<p>16h00 \u2013 Encerramento do Encontro.<\/p>\n<p>Fonte: Contraf-CUT<\/p>\n","protected":false},"excerpt":{"rendered":"<p>Come\u00e7ou nesta segunda-feira 25 o 3\u00ba Encontro Nacional das Mulheres Banc\u00e1rias, promovido pela Contraf-CUT, com uma palestra sobre a fil\u00f3sofa e economista Rosa Luxemburgo. O encontro, que est\u00e1 sendo realizado no Instituto Cajamar, em S\u00e3o Paulo, vai at\u00e9 o dia 27, com palestras e debates sobre a quest\u00e3o de g\u00eanero, participa\u00e7\u00e3o e organiza\u00e7\u00e3o das trabalhadoras. [&hellip;]<\/p>\n","protected":false},"author":1,"featured_media":0,"comment_status":"","ping_status":"","sticky":false,"template":"","format":"standard","meta":{"footnotes":""},"categories":[3],"tags":[],"class_list":["post-1733","post","type-post","status-publish","format-standard","hentry","category-noticias"],"_links":{"self":[{"href":"https:\/\/hostnetart.com.br\/baixada\/wp-json\/wp\/v2\/posts\/1733","targetHints":{"allow":["GET"]}}],"collection":[{"href":"https:\/\/hostnetart.com.br\/baixada\/wp-json\/wp\/v2\/posts"}],"about":[{"href":"https:\/\/hostnetart.com.br\/baixada\/wp-json\/wp\/v2\/types\/post"}],"author":[{"embeddable":true,"href":"https:\/\/hostnetart.com.br\/baixada\/wp-json\/wp\/v2\/users\/1"}],"replies":[{"embeddable":true,"href":"https:\/\/hostnetart.com.br\/baixada\/wp-json\/wp\/v2\/comments?post=1733"}],"version-history":[{"count":0,"href":"https:\/\/hostnetart.com.br\/baixada\/wp-json\/wp\/v2\/posts\/1733\/revisions"}],"wp:attachment":[{"href":"https:\/\/hostnetart.com.br\/baixada\/wp-json\/wp\/v2\/media?parent=1733"}],"wp:term":[{"taxonomy":"category","embeddable":true,"href":"https:\/\/hostnetart.com.br\/baixada\/wp-json\/wp\/v2\/categories?post=1733"},{"taxonomy":"post_tag","embeddable":true,"href":"https:\/\/hostnetart.com.br\/baixada\/wp-json\/wp\/v2\/tags?post=1733"}],"curies":[{"name":"wp","href":"https:\/\/api.w.org\/{rel}","templated":true}]}}