{"id":17327,"date":"2026-07-24T17:05:15","date_gmt":"2026-07-24T20:05:15","guid":{"rendered":"https:\/\/hostnetart.com.br\/baixada\/cebb-denuncia-metas-abusivas-e-cobra-solucao-definitiva-para-a-cassi-em-terceira-rodada-de-negociacao-com-o-bb\/"},"modified":"2026-07-24T17:05:15","modified_gmt":"2026-07-24T20:05:15","slug":"cebb-denuncia-metas-abusivas-e-cobra-solucao-definitiva-para-a-cassi-em-terceira-rodada-de-negociacao-com-o-bb","status":"publish","type":"post","link":"https:\/\/hostnetart.com.br\/baixada\/cebb-denuncia-metas-abusivas-e-cobra-solucao-definitiva-para-a-cassi-em-terceira-rodada-de-negociacao-com-o-bb\/","title":{"rendered":"CEBB denuncia metas abusivas e cobra solu\u00e7\u00e3o definitiva para a Cassi em terceira rodada de negocia\u00e7\u00e3o com o BB"},"content":{"rendered":"<\/p>\n<p>Na terceira rodada de negocia\u00e7\u00e3o do acordo espec\u00edfico do Banco do Brasil na Campanha Nacional dos Banc\u00e1rios 2026, realizada na tarde desta quinta-feira (23), a Comiss\u00e3o de Empresa dos Funcion\u00e1rios do Banco do Brasil (CEBB) denunciou o ass\u00e9dio moral relacionado ao cumprimento de metas consideradas abusivas, apontando o aumento dos casos de adoecimento e a precariza\u00e7\u00e3o das condi\u00e7\u00f5es de trabalho e do atendimento \u00e0 popula\u00e7\u00e3o.<\/p>\n<p><strong>Nathalia Gallini<\/strong>, representante da Federa\u00e7\u00e3o dos Trabalhadores do Ramo Financeiro dos Estados do Rio de Janeiro e Esp\u00edrito Santo (<strong>Fetraf RJ\/ES<\/strong>) na CEBB e Diretora do Sindicato dos Banc\u00e1rios do Esp\u00edrito Santo, participou da reuni\u00e3o.<\/p>\n<p><img fetchpriority=\"high\" decoding=\"async\" class=\"alignnone size-full wp-image-30639\" src=\"https:\/\/fetrafrjes.org.br\/wp-content\/uploads\/2026\/07\/DSC06573-scaled.jpeg\" sizes=\"(max-width: 2560px) 100vw, 2560px\" srcset=\"https:\/\/fetrafrjes.org.br\/wp-content\/uploads\/2026\/07\/DSC06573-scaled.jpeg 2560w, https:\/\/fetrafrjes.org.br\/wp-content\/uploads\/2026\/07\/DSC06573-600x337.jpeg 600w, https:\/\/fetrafrjes.org.br\/wp-content\/uploads\/2026\/07\/DSC06573-1024x576.jpeg 1024w, https:\/\/fetrafrjes.org.br\/wp-content\/uploads\/2026\/07\/DSC06573-768x432.jpeg 768w, https:\/\/fetrafrjes.org.br\/wp-content\/uploads\/2026\/07\/DSC06573-1536x863.jpeg 1536w, https:\/\/fetrafrjes.org.br\/wp-content\/uploads\/2026\/07\/DSC06573-2048x1151.jpeg 2048w, https:\/\/fetrafrjes.org.br\/wp-content\/uploads\/2026\/07\/DSC06573-1200x674.jpeg 1200w, https:\/\/fetrafrjes.org.br\/wp-content\/uploads\/2026\/07\/DSC06573-1980x1113.jpeg 1980w\" alt=\"\" width=\"2560\" height=\"1439\" \/><\/p>\n<p>Os representantes dos funcion\u00e1rios tamb\u00e9m reivindicaram a realiza\u00e7\u00e3o de um novo concurso p\u00fablico e a contrata\u00e7\u00e3o de mais empregados, especialmente para as ag\u00eancias. Outro ponto central da negocia\u00e7\u00e3o foi a cobran\u00e7a por uma solu\u00e7\u00e3o urgente e definitiva para a sustentabilidade da Cassi. Ap\u00f3s esse avan\u00e7o, a representa\u00e7\u00e3o dos trabalhadores defende que o banco encaminhe a inclus\u00e3o dos funcion\u00e1rios oriundos de bancos incorporados na Cassi e na Previ, al\u00e9m da retomada do patroc\u00ednio da Cassi para os empregados admitidos a partir de 2018.<\/p>\n<p>\u201cDebatemos hoje um assunto extremamente importante para n\u00f3s, que \u00e9 a sa\u00fade do trabalhador. Abrimos a mesa refor\u00e7ando que o Banco do Brasil precisa assumir sua responsabilidade pelo custeio da Cassi. H\u00e1 bastante tempo discutimos a sustentabilidade do plano, mas \u00e9 necess\u00e1rio um aporte urgente. N\u00e3o podemos chegar a novembro sem que a Cassi tenha condi\u00e7\u00f5es de honrar os pagamentos aos prestadores de servi\u00e7o\u201d, afirmou a coordenadora da Comiss\u00e3o de Empresa, Fernanda Lopes.<\/p>\n<p>\u201cO banco precisa assumir sua responsabilidade. Refor\u00e7amos na mesa a necessidade de uma solu\u00e7\u00e3o definitiva para a Cassi e, neste momento, de um aporte financeiro que cubra o d\u00e9ficit j\u00e1 existente neste ano\u201d, acrescentou.<\/p>\n<h2><strong>Ass\u00e9dio moral, metas abusivas e adoecimento<\/strong><\/h2>\n<p>Outro tema central da negocia\u00e7\u00e3o foi o crescimento dos casos de adoecimento, especialmente relacionados \u00e0 sa\u00fade mental. \u201cEm uma consulta realizada com os banc\u00e1rios do BB, mais de 40% informaram depender de medicamentos controlados. Esse adoecimento est\u00e1 diretamente relacionado \u00e0s condi\u00e7\u00f5es de trabalho. O banco tenta atribuir esses \u00edndices a uma realidade geral da popula\u00e7\u00e3o, mas os n\u00fameros entre os funcion\u00e1rios s\u00e3o muito superiores\u201d, destacou Fernanda.<\/p>\n<p>A coordenadora ressaltou que o enfrentamento desse cen\u00e1rio passa pela melhoria das condi\u00e7\u00f5es de trabalho.\u201dCobramos que o banco se comprometa efetivamente com a sa\u00fade dos trabalhadores. Isso significa reduzir a sobrecarga e estabelecer metas compat\u00edveis com a realidade. Hoje, quando a maioria n\u00e3o consegue atingir os objetivos, o banco altera indicadores para viabilizar o cumprimento das metas. O correto seria definir metas alcan\u00e7\u00e1veis desde o in\u00edcio, permitindo que os trabalhadores exer\u00e7am suas atividades com tranquilidade.\u201d<\/p>\n<p>Fernanda tamb\u00e9m relacionou o aumento das despesas da Cassi ao crescimento dos afastamentos por adoecimento. \u201cAl\u00e9m do achatamento salarial decorrente das reestrutura\u00e7\u00f5es, o n\u00famero crescente de adoecimentos, principalmente por transtornos mentais, aumenta os custos da Cassi. Cresce o n\u00famero de trabalhadores utilizando medicamentos controlados, algo que infelizmente vem sendo naturalizado. Melhorar as condi\u00e7\u00f5es de trabalho e a qualidade de vida tamb\u00e9m significa reduzir os adoecimentos e contribuir para a sustentabilidade do plano de sa\u00fade.\u201d<\/p>\n<p>O presidente da Federa\u00e7\u00e3o dos Trabalhadores em Empresas de Cr\u00e9dito do Centro-Norte (Fetec-CUT\/CN), Rodrigo Brito, afirmou que o Banco do Brasil precisa rever sua estrat\u00e9gia para fortalecer sua atua\u00e7\u00e3o como banco p\u00fablico. \u201cEstamos assistindo ao desmonte da rede de varejo do Banco do Brasil, o que prejudica os trabalhadores e compromete o papel p\u00fablico da institui\u00e7\u00e3o. O banco precisa dar uma guinada para voltar a cumprir sua fun\u00e7\u00e3o de agente de desenvolvimento do Estado, em vez de priorizar apenas os interesses do mercado financeiro\u201d, afirmou.<\/p>\n<h2><strong>PSO<\/strong><\/h2>\n<p>A situa\u00e7\u00e3o dos trabalhadores do PSO tamb\u00e9m esteve na pauta da negocia\u00e7\u00e3o. Segundo Fernanda Lopes, os empregados da \u00e1rea enfrentam sobrecarga e ac\u00famulo de fun\u00e7\u00f5es. \u201cOs colegas do PSO est\u00e3o assumindo diversas atividades que n\u00e3o fazem parte de suas atribui\u00e7\u00f5es de caixa. H\u00e1 tamb\u00e9m escritur\u00e1rios exercendo fun\u00e7\u00f5es t\u00edpicas de caixa sem receber a remunera\u00e7\u00e3o correspondente.\u201d<\/p>\n<p>A representa\u00e7\u00e3o dos trabalhadores denunciou que gerentes de servi\u00e7o acumulam atividades administrativas e negociais, enquanto escritur\u00e1rios executam tarefas como abastecimento dos terminais de autoatendimento (TAA) e gest\u00e3o de numer\u00e1rio, caracterizando desvio e ac\u00famulo de fun\u00e7\u00f5es. O movimento sindical reivindica que todo trabalhador que exer\u00e7a atividades de caixa seja nomeado para o cargo de assistente.<\/p>\n<p>Tamb\u00e9m foi cobrada a garantia de tempo para capacita\u00e7\u00e3o dos empregados do PSO, que v\u00eam absorvendo novas atribui\u00e7\u00f5es sem o treinamento adequado.<\/p>\n<p>Para o secret\u00e1rio-geral da Fetec-PR, Ewerton Lopes, a situa\u00e7\u00e3o exige provid\u00eancias imediatas. \u201cA realidade vivida pelos colegas do PSO e pelos gerentes de servi\u00e7o, que enfrentam sobrecarga, ac\u00famulo de fun\u00e7\u00f5es e equipes insuficientes para atender \u00e0 demanda, \u00e9 insustent\u00e1vel e precisa ser enfrentada com urg\u00eancia.\u201d<\/p>\n<p><em>*com informa\u00e7\u00f5es da Fetraf RJ\/ES e Contraf-CUT<\/em><\/p>\n","protected":false},"excerpt":{"rendered":"<p>Na terceira rodada de negocia\u00e7\u00e3o do acordo espec\u00edfico do Banco do Brasil na Campanha Nacional dos Banc\u00e1rios 2026, realizada na tarde desta quinta-feira (23), a Comiss\u00e3o de Empresa dos Funcion\u00e1rios do Banco do Brasil (CEBB) denunciou o ass\u00e9dio moral relacionado ao cumprimento de metas consideradas abusivas, apontando o aumento dos casos de adoecimento e a [&hellip;]<\/p>\n","protected":false},"author":2,"featured_media":17326,"comment_status":"","ping_status":"","sticky":false,"template":"","format":"standard","meta":{"footnotes":""},"categories":[3],"tags":[],"class_list":["post-17327","post","type-post","status-publish","format-standard","has-post-thumbnail","hentry","category-noticias"],"_links":{"self":[{"href":"https:\/\/hostnetart.com.br\/baixada\/wp-json\/wp\/v2\/posts\/17327","targetHints":{"allow":["GET"]}}],"collection":[{"href":"https:\/\/hostnetart.com.br\/baixada\/wp-json\/wp\/v2\/posts"}],"about":[{"href":"https:\/\/hostnetart.com.br\/baixada\/wp-json\/wp\/v2\/types\/post"}],"author":[{"embeddable":true,"href":"https:\/\/hostnetart.com.br\/baixada\/wp-json\/wp\/v2\/users\/2"}],"replies":[{"embeddable":true,"href":"https:\/\/hostnetart.com.br\/baixada\/wp-json\/wp\/v2\/comments?post=17327"}],"version-history":[{"count":0,"href":"https:\/\/hostnetart.com.br\/baixada\/wp-json\/wp\/v2\/posts\/17327\/revisions"}],"wp:featuredmedia":[{"embeddable":true,"href":"https:\/\/hostnetart.com.br\/baixada\/wp-json\/wp\/v2\/media\/17326"}],"wp:attachment":[{"href":"https:\/\/hostnetart.com.br\/baixada\/wp-json\/wp\/v2\/media?parent=17327"}],"wp:term":[{"taxonomy":"category","embeddable":true,"href":"https:\/\/hostnetart.com.br\/baixada\/wp-json\/wp\/v2\/categories?post=17327"},{"taxonomy":"post_tag","embeddable":true,"href":"https:\/\/hostnetart.com.br\/baixada\/wp-json\/wp\/v2\/tags?post=17327"}],"curies":[{"name":"wp","href":"https:\/\/api.w.org\/{rel}","templated":true}]}}