{"id":17325,"date":"2026-07-22T03:31:59","date_gmt":"2026-07-22T06:31:59","guid":{"rendered":"https:\/\/hostnetart.com.br\/baixada\/negociacao-sobre-saude-acontece-sob-clima-de-ameacas\/"},"modified":"2026-07-22T03:31:59","modified_gmt":"2026-07-22T06:31:59","slug":"negociacao-sobre-saude-acontece-sob-clima-de-ameacas","status":"publish","type":"post","link":"https:\/\/hostnetart.com.br\/baixada\/negociacao-sobre-saude-acontece-sob-clima-de-ameacas\/","title":{"rendered":"Negocia\u00e7\u00e3o sobre sa\u00fade acontece sob clima de amea\u00e7as"},"content":{"rendered":"<p>Amea\u00e7as \u00e0 manuten\u00e7\u00e3o da mesa \u00fanica, \u00e0s cl\u00e1usulas de sa\u00fade e recusa em discutir sa\u00eddas para o endividamento da categoria. Esse foi o resumo da postura da Federa\u00e7\u00e3o Nacional dos Bancos (Fenaban) nesta ter\u00e7a-feira (21), durante a quarta rodada de negocia\u00e7\u00f5es da Campanha Nacional das Banc\u00e1rias e dos Banc\u00e1rios.<\/p>\n<p><strong>\u201cHoje tivemos uma negocia\u00e7\u00e3o muito ruim, que n\u00e3o andou, porque a Fenaban n\u00e3o quis negociar. Iniciou o encontro amea\u00e7ando a manuten\u00e7\u00e3o da mesa \u00fanica, com a tentativa de separar os bancos p\u00fablicos dos privados. N\u00f3s n\u00e3o aceitaremos em hip\u00f3tese alguma\u201d<\/strong>, destacou Juvandia Moreira, coordenadora do Comando Nacional.<strong>\u00a0\u201cA mesa \u00fanica protege tanto os trabalhadores de bancos p\u00fablicos quanto os dos bancos privados, e \u00e9 por isso que eles querem promover a divis\u00e3o da categoria\u201d<\/strong>, completou.<\/p>\n<p>A dirigente destacou que, gra\u00e7as \u00e0 unidade hist\u00f3rica, a categoria foi capaz de se proteger dos ataques aos direitos nos governos Temer e Bolsonaro.<strong>\u00a0\u201cAnos antes desse per\u00edodo, no governo Fernando Henrique, n\u00e3o existia a mesa \u00fanica. Naquela \u00e9poca os bancos p\u00fablicos negociavam em separado, amargando anos de reajustes zero e ataques aos direitos\u201d<\/strong>, relembrou.\u00a0<strong>\u201cNo governo Lula conquistamos a mesa \u00fanica, que foi importante para proteger os banc\u00e1rios nos governos Temer e Bolsonaro, quando as estatais foram atacadas e ocorreram reformas que impactaram todos os trabalhadores\u201d<\/strong>, pontuou Juvandia.<\/p>\n<p>Essa posi\u00e7\u00e3o de separar a mesa \u00fanica foi proposta pelo negociador da Fenaban, Adauto Duarte, que foi questionado, inclusive, pelos representantes dos bancos p\u00fablicos que estavam na mesa.<\/p>\n<p><span style=\"text-decoration: underline;\">Endividamento da categoria<\/span><\/p>\n<p>Na mesa de hoje, a Fenaban tamb\u00e9m trouxe a devolutiva sobre um programa de juros baixos para os banc\u00e1rios sa\u00edrem das d\u00edvidas, proposto pelo Comando Nacional na mesa anterior.<\/p>\n<p><strong>\u201cPara justificar a negativa a este pedido, a Fenaban apresentou dados que n\u00e3o convenceram ningu\u00e9m. N\u00f3s sabemos que entre os cinco maiores bancos existem taxas diferenciadas e eles poderiam adotar as menores dessas taxas para todos na categoria\u201d<\/strong>, apontou Juvandia Moreira.<\/p>\n<p><strong>\u201cEnfrentar o endividamento tamb\u00e9m \u00e9 uma medida de promo\u00e7\u00e3o da sa\u00fade. A press\u00e3o financeira se soma \u00e0s exig\u00eancias do ambiente de trabalho, agravando o estresse e ampliando os impactos sobre a sa\u00fade f\u00edsica e mental dos banc\u00e1rios\u201d<\/strong>, completou Neiva Ribeiro, tamb\u00e9m coordenadora do Comando Nacional.<\/p>\n<p>A \u00fanica proposta apresentada pela Fenaban para a redu\u00e7\u00e3o do endividamento foi terminar logo a campanha nacional e adiantar o pagamento da PLR.<\/p>\n<p><strong>\u201cS\u00f3 que terminar a campanha, depende dos bancos, de apresentarem uma boa proposta\u201d<\/strong>, arrematou Juvandia Moreira.<\/p>\n<h2><span style=\"text-decoration: underline;\">Sa\u00fade e condi\u00e7\u00f5es de trabalho<\/span><\/h2>\n<p>Sobre a pauta da sa\u00fade, o movimento sindical destacou que, em 2024, a categoria banc\u00e1ria representou 25% do total de afastamentos acident\u00e1rios por doen\u00e7a mental pelo INSS. Os transtornos mentais s\u00e3o, inclusive, respons\u00e1veis por mais da metade dos afastamentos na categoria, conforme o quadro abaixo.<\/p>\n<p><img decoding=\"async\" src=\"https:\/\/contrafcut.com.br\/data\/files\/42\/56\/D7\/FC\/E378F91035107FE9820808A8\/WhatsApp%20Image%202026-07-21%20at%2020.51.42.jpeg\" alt=\"quadro adoecimento\" \/><\/p>\n<p><strong>\u201cA Consulta Nacional dos Banc\u00e1rios 2026, realizada com quase 55 mil trabalhadores, confirma os dados do INSS e a preocupa\u00e7\u00e3o do comando, em rela\u00e7\u00e3o \u00e0 sa\u00fade\u201d<\/strong>, destacou Mauro Salles, secret\u00e1rio de Sa\u00fade da Contraf-CUT.<\/p>\n<p>No levantamento, realizado entre abril e maio deste ano, 40% afirmaram terem utilizado medicamentos controlados (antidepressivos, ansiol\u00edticos ou estimulantes) no \u00faltimo ano.<\/p>\n<p>Na pergunta &#8220;quais impactos a cobran\u00e7a excessiva pelo cumprimento de metas causam \u00e0 sua sa\u00fade?&#8221;, com possibilidade de m\u00faltipla escolha, as principais respostas foram:<\/p>\n<p>&#8211; 67% afirmaram preocupa\u00e7\u00e3o constante com o trabalho;<br \/>&#8211; 59%, que os impactos s\u00e3o cansa\u00e7o e fadiga constante;<br \/>&#8211; 47% apontaram desmotiva\u00e7\u00e3o, vontade de n\u00e3o ir trabalhar;<br \/>&#8211; 42% sofrem com crises de ansiedade\/p\u00e2nico;<br \/>&#8211; 39%, que est\u00e3o com dificuldades em dormir, mesmo aos finais de semana; e<br \/>&#8211; 24%, com medo de &#8220;estourar&#8221; e perder a cabe\u00e7a.<\/p>\n<p><strong>\u201cPara enfrentar esse cen\u00e1rio, o Comando Nacional dos Banc\u00e1rios quer discutir, entre outros pontos, a implementa\u00e7\u00e3o da NR-1 (Norma Regulamentadora n\u00ba1), com o mapeamento dos riscos psicossociais e acesso as informa\u00e7\u00f5es de sa\u00fade na categoria\u201d<\/strong>, destacou Mauro Salles.<\/p>\n<p>A seguir, o resumo das reivindica\u00e7\u00f5es da categoria relacionadas \u00e0 sa\u00fade:<\/p>\n<p>1 &#8211; Fim das metas abusivas.<br \/>2 &#8211; Combate ao ass\u00e9dio moral, organizacional e algor\u00edtmico.<br \/>3 &#8211; Limites \u00e0 vigil\u00e2ncia digital e ao controle por algoritmos.<br \/>4 &#8211; Servi\u00e7os m\u00e9dicos que acolham os trabalhadores adoecidos.<br \/>5 &#8211; Nenhuma perda de remunera\u00e7\u00e3o durante o adoecimento.<br \/>6 &#8211; Preven\u00e7\u00e3o de riscos psicossociais \u2014 implementa\u00e7\u00e3o da NR-1 e da NR-17.<\/p>\n<p><strong>&#8220;Existe o reconhecimento da academia e de \u00f3rg\u00e3os oficiais, entre os quais OIT, OMS, Minist\u00e9rio do Trabalho e Emprego e Minist\u00e9rio P\u00fablico do Trabalho, do nexo causal entre metas abusivas e adoecimento dos trabalhadores&#8221;,<\/strong>\u00a0refor\u00e7ou Mauro Salles.\u00a0<strong>&#8220;Portanto, a responsabilidade pelo adoecimento n\u00e3o pode ser atribu\u00edda ao trabalhador, quando os fatores de risco decorrem da forma como o trabalho \u00e9 organizado&#8221;<\/strong>, arrematou.<\/p>\n<h2><span style=\"text-decoration: underline;\">Fechamento da mesa<\/span><\/h2>\n<p><strong>\u201cAp\u00f3s a apresenta\u00e7\u00e3o dos dados pelo Comando, a Fenaban travou a mesa, criando falsas pol\u00eamicas e amea\u00e7ando retirar todas as cl\u00e1usulas de sa\u00fade j\u00e1 conquistadas na CCT. N\u00f3s, do Comando, reiteramos que a pauta da sa\u00fade \u00e9 fundamental. N\u00e3o vamos concluir a negocia\u00e7\u00e3o sem discutir esse tema. E a mesa \u00fanica \u00e9 o lugar onde esse tema deve se tratado\u201d<\/strong>, destacou Juvandia Moreira.<\/p>\n<p>Ap\u00f3s mais um pedido de intervalo, a Fenaban concordou em continuar a negocia\u00e7\u00e3o de sa\u00fade na pr\u00f3xima mesa, agendada para o dia 30 de julho.<\/p>\n<h2><span style=\"text-decoration: underline;\">Dia Nacional de luta e mobiliza\u00e7\u00e3o<\/span><\/h2>\n<p>O Comando Nacional das Banc\u00e1rias e dos Banc\u00e1rios aprovou a realiza\u00e7\u00e3o de um Dia Nacional de Luta e Mobiliza\u00e7\u00e3o, em 28 de julho, para refor\u00e7ar as reivindica\u00e7\u00f5es da campanha nas bases de todo o pa\u00eds.<\/p>\n<p><em>*com informa\u00e7\u00f5es da Contraf-CUT<\/em><\/p>\n<div class=\"news-details__post-info\">\u00a0<\/div>\n","protected":false},"excerpt":{"rendered":"<p>Amea\u00e7as \u00e0 manuten\u00e7\u00e3o da mesa \u00fanica, \u00e0s cl\u00e1usulas de sa\u00fade e recusa em discutir sa\u00eddas para o endividamento da categoria. Esse foi o resumo da postura da Federa\u00e7\u00e3o Nacional dos Bancos (Fenaban) nesta ter\u00e7a-feira (21), durante a quarta rodada de negocia\u00e7\u00f5es da Campanha Nacional das Banc\u00e1rias e dos Banc\u00e1rios. \u201cHoje tivemos uma negocia\u00e7\u00e3o muito ruim, [&hellip;]<\/p>\n","protected":false},"author":2,"featured_media":17324,"comment_status":"","ping_status":"","sticky":false,"template":"","format":"standard","meta":{"footnotes":""},"categories":[3],"tags":[],"class_list":["post-17325","post","type-post","status-publish","format-standard","has-post-thumbnail","hentry","category-noticias"],"_links":{"self":[{"href":"https:\/\/hostnetart.com.br\/baixada\/wp-json\/wp\/v2\/posts\/17325","targetHints":{"allow":["GET"]}}],"collection":[{"href":"https:\/\/hostnetart.com.br\/baixada\/wp-json\/wp\/v2\/posts"}],"about":[{"href":"https:\/\/hostnetart.com.br\/baixada\/wp-json\/wp\/v2\/types\/post"}],"author":[{"embeddable":true,"href":"https:\/\/hostnetart.com.br\/baixada\/wp-json\/wp\/v2\/users\/2"}],"replies":[{"embeddable":true,"href":"https:\/\/hostnetart.com.br\/baixada\/wp-json\/wp\/v2\/comments?post=17325"}],"version-history":[{"count":0,"href":"https:\/\/hostnetart.com.br\/baixada\/wp-json\/wp\/v2\/posts\/17325\/revisions"}],"wp:featuredmedia":[{"embeddable":true,"href":"https:\/\/hostnetart.com.br\/baixada\/wp-json\/wp\/v2\/media\/17324"}],"wp:attachment":[{"href":"https:\/\/hostnetart.com.br\/baixada\/wp-json\/wp\/v2\/media?parent=17325"}],"wp:term":[{"taxonomy":"category","embeddable":true,"href":"https:\/\/hostnetart.com.br\/baixada\/wp-json\/wp\/v2\/categories?post=17325"},{"taxonomy":"post_tag","embeddable":true,"href":"https:\/\/hostnetart.com.br\/baixada\/wp-json\/wp\/v2\/tags?post=17325"}],"curies":[{"name":"wp","href":"https:\/\/api.w.org\/{rel}","templated":true}]}}