{"id":17317,"date":"2026-07-17T15:17:45","date_gmt":"2026-07-17T18:17:45","guid":{"rendered":"https:\/\/hostnetart.com.br\/baixada\/apos-pressao-do-movimento-sindical-cerca-de-600-trabalhadores-retornam-a-categoria-bancaria-no-santander\/"},"modified":"2026-07-17T15:17:45","modified_gmt":"2026-07-17T18:17:45","slug":"apos-pressao-do-movimento-sindical-cerca-de-600-trabalhadores-retornam-a-categoria-bancaria-no-santander","status":"publish","type":"post","link":"https:\/\/hostnetart.com.br\/baixada\/apos-pressao-do-movimento-sindical-cerca-de-600-trabalhadores-retornam-a-categoria-bancaria-no-santander\/","title":{"rendered":"Ap\u00f3s press\u00e3o do movimento sindical, cerca de 600 trabalhadores retornam \u00e0 categoria banc\u00e1ria no Santander"},"content":{"rendered":"<p>A mobiliza\u00e7\u00e3o do movimento sindical conquistou uma importante vit\u00f3ria na luta contra a terceiriza\u00e7\u00e3o irregular no Santander. Ap\u00f3s anos de den\u00fancias, negocia\u00e7\u00f5es, manifesta\u00e7\u00f5es e press\u00e3o das entidades representativas dos banc\u00e1rios, cerca de 600 trabalhadores contratados de forma irregular pelo banco voltaram a integrar a categoria banc\u00e1ria.<\/p>\n<p>O resultado representa mais um avan\u00e7o na defesa dos direitos da categoria e refor\u00e7a a import\u00e2ncia da organiza\u00e7\u00e3o dos trabalhadores para combater pr\u00e1ticas que precarizam as rela\u00e7\u00f5es de trabalho e retiram direitos garantidos pela Conven\u00e7\u00e3o Coletiva de Trabalho (CCT).<\/p>\n<p>A coordenadora da Comiss\u00e3o de Organiza\u00e7\u00e3o dos Empregados (COE) do Santander, Ana Marta Lima, destaca que a conquista \u00e9 fruto de uma atua\u00e7\u00e3o permanente do movimento sindical. &#8220;Ao longo dos \u00faltimos anos, o movimento sindical realizou atos, manifesta\u00e7\u00f5es, campanhas e diversas a\u00e7\u00f5es para denunciar o processo de terceiriza\u00e7\u00e3o e a contrata\u00e7\u00e3o irregular de trabalhadores que exerciam atividades tipicamente banc\u00e1rias, mas sem os direitos garantidos pela Conven\u00e7\u00e3o Coletiva de Trabalho da categoria. Esse resultado demonstra que a mobiliza\u00e7\u00e3o coletiva faz a diferen\u00e7a&#8221;, afirma.<\/p>\n<p>Apesar do avan\u00e7o, Ana Marta ressalta que a medida ainda est\u00e1 longe de reparar todos os impactos causados pela pol\u00edtica adotada pelo banco. &#8220;O retorno de aproximadamente 600 trabalhadores representa apenas uma pequena parcela diante do amplo processo de terceiriza\u00e7\u00e3o implementado pelo Santander nos \u00faltimos anos. Esperamos que o banco continue revendo essa pr\u00e1tica e reintegre todos os trabalhadores que desempenham atividades banc\u00e1rias \u00e0 categoria, assegurando os mesmos direitos e condi\u00e7\u00f5es de trabalho&#8221;, acrescenta.<\/p>\n<p>Para a secret\u00e1ria de Rela\u00e7\u00f5es Internacionais da Contraf-CUT e funcion\u00e1ria do Santander, Rita Berlofa, a conquista refor\u00e7a a import\u00e2ncia da organiza\u00e7\u00e3o dos trabalhadores na defesa da categoria. &#8220;Esse \u00e9 um resultado importante da atua\u00e7\u00e3o firme e persistente do movimento sindical em defesa dos banc\u00e1rios. A terceiriza\u00e7\u00e3o irregular enfraquece direitos, fragmenta a categoria e amplia a precariza\u00e7\u00e3o das rela\u00e7\u00f5es de trabalho. Continuaremos mobilizados para que todos os trabalhadores que exercem atividades banc\u00e1rias tenham seus direitos reconhecidos e sejam enquadrados na categoria, com acesso \u00e0s garantias previstas na nossa Conven\u00e7\u00e3o Coletiva.&#8221;<\/p>\n<h2><strong>Mobiliza\u00e7\u00e3o continua<\/strong><\/h2>\n<p>A luta, no entanto, continua. A campanha &#8220;Exterminador do Futuro&#8221;, criada para denunciar a substitui\u00e7\u00e3o de banc\u00e1rios por trabalhadores terceirizados, segue mobilizando a categoria. O objetivo \u00e9 manter a press\u00e3o para que o Santander deixe de adotar qualquer modalidade de contrata\u00e7\u00e3o irregular ou terceiriza\u00e7\u00e3o de atividades tipicamente banc\u00e1rias. A defesa dos empregos, da valoriza\u00e7\u00e3o profissional e dos direitos dos trabalhadores passa pelo enfrentamento permanente dessas pr\u00e1ticas.<\/p>\n<p>Al\u00e9m disso, em meio \u00e0 Campanha Nacional dos Banc\u00e1rios 2026, o movimento sindical refor\u00e7a a import\u00e2ncia da mobiliza\u00e7\u00e3o da categoria para garantir a renova\u00e7\u00e3o da Conven\u00e7\u00e3o Coletiva de Trabalho e conquistar novos avan\u00e7os para os trabalhadores.<\/p>\n<p><strong>Fonte: Contraf-CUT<\/strong><\/p>\n","protected":false},"excerpt":{"rendered":"<p>A mobiliza\u00e7\u00e3o do movimento sindical conquistou uma importante vit\u00f3ria na luta contra a terceiriza\u00e7\u00e3o irregular no Santander. Ap\u00f3s anos de den\u00fancias, negocia\u00e7\u00f5es, manifesta\u00e7\u00f5es e press\u00e3o das entidades representativas dos banc\u00e1rios, cerca de 600 trabalhadores contratados de forma irregular pelo banco voltaram a integrar a categoria banc\u00e1ria. O resultado representa mais um avan\u00e7o na defesa dos [&hellip;]<\/p>\n","protected":false},"author":2,"featured_media":17316,"comment_status":"","ping_status":"","sticky":false,"template":"","format":"standard","meta":{"footnotes":""},"categories":[3],"tags":[],"class_list":["post-17317","post","type-post","status-publish","format-standard","has-post-thumbnail","hentry","category-noticias"],"_links":{"self":[{"href":"https:\/\/hostnetart.com.br\/baixada\/wp-json\/wp\/v2\/posts\/17317","targetHints":{"allow":["GET"]}}],"collection":[{"href":"https:\/\/hostnetart.com.br\/baixada\/wp-json\/wp\/v2\/posts"}],"about":[{"href":"https:\/\/hostnetart.com.br\/baixada\/wp-json\/wp\/v2\/types\/post"}],"author":[{"embeddable":true,"href":"https:\/\/hostnetart.com.br\/baixada\/wp-json\/wp\/v2\/users\/2"}],"replies":[{"embeddable":true,"href":"https:\/\/hostnetart.com.br\/baixada\/wp-json\/wp\/v2\/comments?post=17317"}],"version-history":[{"count":0,"href":"https:\/\/hostnetart.com.br\/baixada\/wp-json\/wp\/v2\/posts\/17317\/revisions"}],"wp:featuredmedia":[{"embeddable":true,"href":"https:\/\/hostnetart.com.br\/baixada\/wp-json\/wp\/v2\/media\/17316"}],"wp:attachment":[{"href":"https:\/\/hostnetart.com.br\/baixada\/wp-json\/wp\/v2\/media?parent=17317"}],"wp:term":[{"taxonomy":"category","embeddable":true,"href":"https:\/\/hostnetart.com.br\/baixada\/wp-json\/wp\/v2\/categories?post=17317"},{"taxonomy":"post_tag","embeddable":true,"href":"https:\/\/hostnetart.com.br\/baixada\/wp-json\/wp\/v2\/tags?post=17317"}],"curies":[{"name":"wp","href":"https:\/\/api.w.org\/{rel}","templated":true}]}}