{"id":17311,"date":"2026-07-14T14:36:41","date_gmt":"2026-07-14T17:36:41","guid":{"rendered":"https:\/\/hostnetart.com.br\/baixada\/sindicato-dos-bancarios-da-baixada-fluminense-reintegra-mais-uma-funcionaria-do-bradesco\/"},"modified":"2026-07-14T14:36:41","modified_gmt":"2026-07-14T17:36:41","slug":"sindicato-dos-bancarios-da-baixada-fluminense-reintegra-mais-uma-funcionaria-do-bradesco","status":"publish","type":"post","link":"https:\/\/hostnetart.com.br\/baixada\/sindicato-dos-bancarios-da-baixada-fluminense-reintegra-mais-uma-funcionaria-do-bradesco\/","title":{"rendered":"Sindicato dos Banc\u00e1rios da Baixada Fluminense reintegra mais uma funcion\u00e1ria do Bradesco"},"content":{"rendered":"<p>Os bancos seguem demitindo. Mas o Sindicato dos Banc\u00e1rios da Baixada Fluminense tamb\u00e9m continua reintegrando.<\/p>\n<p>Nesta ter\u00e7a-feira, 14 de julho,\u00a0mais uma funcion\u00e1ria do Bradesco foi reintegrada.<\/p>\n<p>Camila Alves tinha quase 13 anos de banco, quando foi demitida (em mar\u00e7o de 2023), e trabalhava na ag\u00eancia\u00a02605 (Pl\u00ednio Casado). Mas, como a ag\u00eancia fechou, a banc\u00e1ria foi reintegrada na ag\u00eancia\u00a0129 (Duque De Caxias, Centro), que incorporou a que encerrou as atividades.<\/p>\n<p>Ap\u00f3s per\u00edcia, foi constatado que a trabalhadora \u00e9 portadora de <em>Transtorno Misto Ansioso e Depressivo<\/em>, com elementos cl\u00ednicos indissoci\u00e1veis da <em>S\u00edndrome de Burnout<\/em>.<\/p>\n<p>O\u00a0ambiente banc\u00e1rio tamb\u00e9m foi citado como fator colaborativo para\u00a0o desencadeamento e agravamento da doen\u00e7a, pois existia uma\u00a0press\u00e3o cont\u00ednua por metas. E pela doen\u00e7a ter surgido\u00a0ap\u00f3s 12 anos de v\u00ednculo, enquanto Camila estava na ativa.<\/p>\n<p>Comprovada a doen\u00e7a ocupacional, a justi\u00e7a julgou como parcialmente procedentes os pedidos para reconhecer a nulidade da demiss\u00e3o, bem como conceder a tutela de urg\u00eancia de reintegra\u00e7\u00e3o da banc\u00e1ria, condenando o banco a pagar uma\u00a0indeniza\u00e7\u00e3o por danos morais, assim como\u00a0verbas trabalhistas, contratuais e coletivas.<\/p>\n<p>Camila \u00e9 sindicalizada e teve o suporte e atendimento do Departamento Jur\u00eddico do Sindicato, atrav\u00e9s do advogado Luiz Paulo, do Escrit\u00f3rio Baptista &amp; Reis Advogados Associados, e pelo Departamento de Sa\u00fade.<\/p>\n<p>A reintegra\u00e7\u00e3o foi acompanhada pelos diretores Martins, Ricardo de S\u00e1 e Roberto Domingos.<\/p>\n<p><strong>IMPORTANTE<\/strong><\/p>\n<p>\u00c9 fundamental que banc\u00e1rias e banc\u00e1rios, logo que sejam informados de suas demiss\u00f5es, procurem imediatamente atendimento no Sindicato.<\/p>\n<p><b>ATENDIMENTO JUR\u00cdDICO PRESENCIAL<\/b><\/p>\n<p>Nova Igua\u00e7u\u00a0&#8211; \u00e0s\u00a0<em><strong>ter\u00e7as-feiras<\/strong><\/em>,\u00a0<span dir=\"ltr\">das 11 horas\u00a0<\/span><span dir=\"ltr\">\u00e0 13 horas\u00a0<\/span>e\u00a0<span dir=\"ltr\">das 14 horas \u00e0s 17 horas<\/span>\u00a0(telefone:\u00a0<span dir=\"ltr\"><a href=\"tel:21 \/ 2658-8041\">21 \/ 2658-8041<\/a><\/span>)<\/p>\n<p>Duque de Caxias\u00a0&#8211; \u00e0s\u00a0<strong><em>quintas-feiras<\/em><\/strong>,\u00a0<span dir=\"ltr\">das 10 horas \u00e0s 13 horas<\/span>(telefone:\u00a0<span dir=\"ltr\"><a href=\"tel:21 \/ 26710-110\">21 \/ 26710-110<\/a><\/span>)<\/p>\n<p><b>SINDICALIZE-SE!<\/b><\/p>\n<p>\u00a0<\/p>\n","protected":false},"excerpt":{"rendered":"<p>Os bancos seguem demitindo. Mas o Sindicato dos Banc\u00e1rios da Baixada Fluminense tamb\u00e9m continua reintegrando. Nesta ter\u00e7a-feira, 14 de julho,\u00a0mais uma funcion\u00e1ria do Bradesco foi reintegrada. Camila Alves tinha quase 13 anos de banco, quando foi demitida (em mar\u00e7o de 2023), e trabalhava na ag\u00eancia\u00a02605 (Pl\u00ednio Casado). Mas, como a ag\u00eancia fechou, a banc\u00e1ria foi [&hellip;]<\/p>\n","protected":false},"author":2,"featured_media":17310,"comment_status":"","ping_status":"","sticky":false,"template":"","format":"standard","meta":{"footnotes":""},"categories":[3],"tags":[],"class_list":["post-17311","post","type-post","status-publish","format-standard","has-post-thumbnail","hentry","category-noticias"],"_links":{"self":[{"href":"https:\/\/hostnetart.com.br\/baixada\/wp-json\/wp\/v2\/posts\/17311","targetHints":{"allow":["GET"]}}],"collection":[{"href":"https:\/\/hostnetart.com.br\/baixada\/wp-json\/wp\/v2\/posts"}],"about":[{"href":"https:\/\/hostnetart.com.br\/baixada\/wp-json\/wp\/v2\/types\/post"}],"author":[{"embeddable":true,"href":"https:\/\/hostnetart.com.br\/baixada\/wp-json\/wp\/v2\/users\/2"}],"replies":[{"embeddable":true,"href":"https:\/\/hostnetart.com.br\/baixada\/wp-json\/wp\/v2\/comments?post=17311"}],"version-history":[{"count":0,"href":"https:\/\/hostnetart.com.br\/baixada\/wp-json\/wp\/v2\/posts\/17311\/revisions"}],"wp:featuredmedia":[{"embeddable":true,"href":"https:\/\/hostnetart.com.br\/baixada\/wp-json\/wp\/v2\/media\/17310"}],"wp:attachment":[{"href":"https:\/\/hostnetart.com.br\/baixada\/wp-json\/wp\/v2\/media?parent=17311"}],"wp:term":[{"taxonomy":"category","embeddable":true,"href":"https:\/\/hostnetart.com.br\/baixada\/wp-json\/wp\/v2\/categories?post=17311"},{"taxonomy":"post_tag","embeddable":true,"href":"https:\/\/hostnetart.com.br\/baixada\/wp-json\/wp\/v2\/tags?post=17311"}],"curies":[{"name":"wp","href":"https:\/\/api.w.org\/{rel}","templated":true}]}}