{"id":17307,"date":"2026-07-14T11:57:55","date_gmt":"2026-07-14T14:57:55","guid":{"rendered":"https:\/\/hostnetart.com.br\/baixada\/coe-cobra-avancos-ao-bradesco-e-conquista-retorno-do-registro-de-ponto-para-gerentes-de-relacionamento-empresas\/"},"modified":"2026-07-14T11:57:55","modified_gmt":"2026-07-14T14:57:55","slug":"coe-cobra-avancos-ao-bradesco-e-conquista-retorno-do-registro-de-ponto-para-gerentes-de-relacionamento-empresas","status":"publish","type":"post","link":"https:\/\/hostnetart.com.br\/baixada\/coe-cobra-avancos-ao-bradesco-e-conquista-retorno-do-registro-de-ponto-para-gerentes-de-relacionamento-empresas\/","title":{"rendered":"COE cobra avan\u00e7os ao Bradesco e conquista retorno do registro de ponto para gerentes de relacionamento empresas"},"content":{"rendered":"<p>A Comiss\u00e3o de Organiza\u00e7\u00e3o dos Empregados (COE) do Bradesco se reuniu, na manh\u00e3 desta segunda-feira (13), por videoconfer\u00eancia, com representantes do banco para discutir uma s\u00e9rie de temas de interesse dos trabalhadores. Entre os principais resultados do encontro est\u00e3o o compromisso de retomada do registro de ponto para os gerentes de relacionamento empresas, o debate sobre as mudan\u00e7as no Bradesco Sa\u00fade e a apresenta\u00e7\u00e3o do programa de remunera\u00e7\u00e3o vari\u00e1vel Supera para 2026.<\/p>\n<p>Para a coordenadora da COE Bradesco, Erica Oliveira, a reuni\u00e3o trouxe avan\u00e7os importantes, mas ainda h\u00e1 muitas demandas da categoria que precisam ser atendidas. &#8220;Avan\u00e7amos em v\u00e1rios pontos, mas temos muito pra melhorar. Estamos muito atentos aos pedidos e reclama\u00e7\u00f5es dos banc\u00e1rios e vamos insistir neles. O banco passa por muitas transforma\u00e7\u00f5es, o lucro vem crescendo e os banc\u00e1rios do Bradesco merecem ser valorizados por isso&#8221;, afirmou.<\/p>\n<h2><strong>Registro de ponto<\/strong><\/h2>\n<p>Atendendo a uma reivindica\u00e7\u00e3o da COE, o Bradesco informou que os gerentes de relacionamento empresas voltar\u00e3o a registrar o ponto. Segundo o banco, com a moderniza\u00e7\u00e3o do sistema eletr\u00f4nico de controle de jornada, implementada na \u00faltima renova\u00e7\u00e3o do acordo, passou a ser poss\u00edvel o registro da jornada desses trabalhadores. A medida ser\u00e1 implementada ap\u00f3s a assinatura de um acordo entre a Contraf-CUT e o Bradesco.<\/p>\n<h2><strong>Mudan\u00e7as no Bradesco Sa\u00fade<\/strong><\/h2>\n<p>Durante a reuni\u00e3o, o banco apresentou as altera\u00e7\u00f5es no Bradesco Sa\u00fade, que, segundo a institui\u00e7\u00e3o, s\u00e3o resultado de um processo de escuta dos trabalhadores, di\u00e1logo com o movimento sindical e adequa\u00e7\u00e3o \u00e0s pr\u00e1ticas de mercado.<\/p>\n<p>Entre as mudan\u00e7as anunciadas est\u00e3o:<\/p>\n<ul>\n<li>inclus\u00e3o dos estagi\u00e1rios no Bradesco Sa\u00fade;<\/li>\n<li>amplia\u00e7\u00e3o da cobertura odontol\u00f3gica, com pr\u00f3teses para todos os benefici\u00e1rios e ortodontia completa a partir do cargo de gerente de ag\u00eancia;<\/li>\n<li>inclus\u00e3o de c\u00f4njuge no plano, independentemente de ser dependente no Imposto de Renda;<\/li>\n<li>cria\u00e7\u00e3o do plano Nacional Plus para empregados a partir do cargo de gerente de ag\u00eancia;<\/li>\n<li>manuten\u00e7\u00e3o das regras atuais para funcion\u00e1rios antigos em rela\u00e7\u00e3o aos dependentes j\u00e1 cadastrados;<\/li>\n<li>cobran\u00e7a de mensalidade para novos c\u00f4njuges inclu\u00eddos por empregados antigos;<\/li>\n<li>para os empregados admitidos a partir de 1\u00ba de julho de 2026, cobran\u00e7a de mensalidade para dependentes, como c\u00f4njuges e filhos.<\/li>\n<\/ul>\n<p>A COE manifestou preocupa\u00e7\u00e3o com a diferencia\u00e7\u00e3o de direitos entre os trabalhadores e criticou a limita\u00e7\u00e3o da cobertura de ortodontia apenas para empregados a partir do cargo de gerente de ag\u00eancia.<\/p>\n<p>A comiss\u00e3o tamb\u00e9m solicitou ao banco uma tabela detalhada com os valores das mensalidades dos dependentes e refor\u00e7ou reivindica\u00e7\u00f5es hist\u00f3ricas da categoria, como a amplia\u00e7\u00e3o da rede credenciada, especialmente fora dos grandes centros urbanos, melhorias nos valores de reembolso e a manuten\u00e7\u00e3o do plano de sa\u00fade para os aposentados.<\/p>\n<h2><strong>Programa Supera e remunera\u00e7\u00e3o vari\u00e1vel<\/strong><\/h2>\n<p>O banco apresentou o desenho do programa de Participa\u00e7\u00e3o por Resultados (PPR) Supera para o exerc\u00edcio de 2026. Entre os avan\u00e7os informados est\u00e3o a garantia de pagamento para banc\u00e1rias da for\u00e7a de vendas durante a licen\u00e7a-maternidade e a redu\u00e7\u00e3o do percentual m\u00ednimo de cumprimento de metas das ag\u00eancias e da \u00e1rea Empresas de 95% para 90%, facilitando o acesso ao programa.<\/p>\n<p>O Bradesco tamb\u00e9m apresentou a estrutura do programa de PPR da chamada segunda onda, voltada \u00e0s \u00e1reas de atacado do banco, que dever\u00e1 contemplar aproximadamente mais 10 mil trabalhadores.<\/p>\n<p>A COE reivindicou a redu\u00e7\u00e3o dos patamares de ROAE para pagamento do Programa de Remunera\u00e7\u00e3o Bradesco (PRB), reajuste das faixas de pagamento com base na melhora dos resultados do banco e mudan\u00e7as nos crit\u00e9rios de aferi\u00e7\u00e3o das metas em casos de dissolu\u00e7\u00e3o de carteiras de clientes, situa\u00e7\u00e3o que frequentemente prejudica os gerentes.<\/p>\n<p>Sobre esse \u00faltimo ponto, o banco informou que j\u00e1 possui um mecanismo de revis\u00e3o dos resultados e que, ap\u00f3s os pagamentos, mant\u00e9m uma janela de 45 dias para an\u00e1lise de eventuais questionamentos e complementa\u00e7\u00e3o dos valores quando necess\u00e1rio. Em rela\u00e7\u00e3o \u00e0s demais reivindica\u00e7\u00f5es, informou que, neste momento, n\u00e3o h\u00e1 possibilidade de avan\u00e7os.<\/p>\n<h2><strong>Pr\u00f3ximos passos<\/strong><\/h2>\n<p>Ao final da reuni\u00e3o, a COE solicitou ao Bradesco a defini\u00e7\u00e3o de uma data para a realiza\u00e7\u00e3o de um encontro presencial destinado \u00e0 entrega da pauta espec\u00edfica de reivindica\u00e7\u00f5es dos trabalhadores, dando continuidade \u00e0s negocia\u00e7\u00f5es permanentes entre a representa\u00e7\u00e3o dos empregados e o banco.<\/p>\n<p><em>Fonte: Contraf-CUT<\/em><\/p>\n","protected":false},"excerpt":{"rendered":"<p>A Comiss\u00e3o de Organiza\u00e7\u00e3o dos Empregados (COE) do Bradesco se reuniu, na manh\u00e3 desta segunda-feira (13), por videoconfer\u00eancia, com representantes do banco para discutir uma s\u00e9rie de temas de interesse dos trabalhadores. Entre os principais resultados do encontro est\u00e3o o compromisso de retomada do registro de ponto para os gerentes de relacionamento empresas, o debate [&hellip;]<\/p>\n","protected":false},"author":2,"featured_media":17306,"comment_status":"","ping_status":"","sticky":false,"template":"","format":"standard","meta":{"footnotes":""},"categories":[3],"tags":[],"class_list":["post-17307","post","type-post","status-publish","format-standard","has-post-thumbnail","hentry","category-noticias"],"_links":{"self":[{"href":"https:\/\/hostnetart.com.br\/baixada\/wp-json\/wp\/v2\/posts\/17307","targetHints":{"allow":["GET"]}}],"collection":[{"href":"https:\/\/hostnetart.com.br\/baixada\/wp-json\/wp\/v2\/posts"}],"about":[{"href":"https:\/\/hostnetart.com.br\/baixada\/wp-json\/wp\/v2\/types\/post"}],"author":[{"embeddable":true,"href":"https:\/\/hostnetart.com.br\/baixada\/wp-json\/wp\/v2\/users\/2"}],"replies":[{"embeddable":true,"href":"https:\/\/hostnetart.com.br\/baixada\/wp-json\/wp\/v2\/comments?post=17307"}],"version-history":[{"count":0,"href":"https:\/\/hostnetart.com.br\/baixada\/wp-json\/wp\/v2\/posts\/17307\/revisions"}],"wp:featuredmedia":[{"embeddable":true,"href":"https:\/\/hostnetart.com.br\/baixada\/wp-json\/wp\/v2\/media\/17306"}],"wp:attachment":[{"href":"https:\/\/hostnetart.com.br\/baixada\/wp-json\/wp\/v2\/media?parent=17307"}],"wp:term":[{"taxonomy":"category","embeddable":true,"href":"https:\/\/hostnetart.com.br\/baixada\/wp-json\/wp\/v2\/categories?post=17307"},{"taxonomy":"post_tag","embeddable":true,"href":"https:\/\/hostnetart.com.br\/baixada\/wp-json\/wp\/v2\/tags?post=17307"}],"curies":[{"name":"wp","href":"https:\/\/api.w.org\/{rel}","templated":true}]}}