{"id":17303,"date":"2026-07-10T16:19:14","date_gmt":"2026-07-10T19:19:14","guid":{"rendered":"https:\/\/hostnetart.com.br\/baixada\/bancaria-obtem-beneficios-b91-e-b94-em-decisao-contra-o-inss\/"},"modified":"2026-07-10T16:19:14","modified_gmt":"2026-07-10T19:19:14","slug":"bancaria-obtem-beneficios-b91-e-b94-em-decisao-contra-o-inss","status":"publish","type":"post","link":"https:\/\/hostnetart.com.br\/baixada\/bancaria-obtem-beneficios-b91-e-b94-em-decisao-contra-o-inss\/","title":{"rendered":"Banc\u00e1ria obt\u00e9m Benef\u00edcios B91 e B94 em decis\u00e3o contra o INSS"},"content":{"rendered":"<p>O Sindicato dos Banc\u00e1rios da Baixada Fluminense \u00e9 incans\u00e1vel na luta pelos direitos dos trabalhadores banc\u00e1rios.<\/p>\n<p>E, em mais um caso\u00a0acompanhado pela entidade, com assessoria do Escrit\u00f3rio Baptista &amp; Reis Advogados, atrav\u00e9s do Dr. Luiz Paulo Barros, uma banc\u00e1ria obteve dois aux\u00edlios concedidos, simultaneamente, na mesma a\u00e7\u00e3o: o\u00a0aux\u00edlio por incapacidade tempor\u00e1ria acident\u00e1rio, esp\u00e9cie B91; e\u00a0o benef\u00edcio de aux\u00edlio-acidente acident\u00e1rio, esp\u00e9cie B94.<\/p>\n<p>Uma vit\u00f3ria para toda a categoria!<\/p>\n<p><strong>ENTENDA<\/strong><\/p>\n<p>No caso em quest\u00e3o, foi comprovado o exerc\u00edcio da atividade de banc\u00e1ria desde 2004, tendo sido submetida a avalia\u00e7\u00e3o administrativa, em raz\u00e3o de quadro ortop\u00e9dico que a afastou de suas fun\u00e7\u00f5es em abril de 2022.<\/p>\n<p>A per\u00edcia judicial concluiu que a\u00a0trabalhadora\u00a0apresenta patologia m\u00fasculo-tend\u00ednea (sinovite e tenossinovite) nos membros superiores. O perito destacou que ela exercia, por longos anos, atividades marcadas por movimentos repetitivos dos membros superiores, tendo reconhecido a exist\u00eancia de nexo temporal e epidemiol\u00f3gico entre as enfermidades constatadas e a atividade profissional desenvolvida.<\/p>\n<p>O laudo tamb\u00e9m consignou que, em 2022, o processo inflamat\u00f3rio cr\u00f4nico se agravou, com emiss\u00e3o de CAT em abril de 2022, concluindo pela incapacidade tempor\u00e1ria para o trabalho, na \u00e9poca.<\/p>\n<p>Por isso, foi reconhecido o direito da banc\u00e1ria ao aux\u00edlio por incapacidade tempor\u00e1ria acident\u00e1rio (esp\u00e9cie B91), no referido intervalo, e faz jus a aux\u00edlio Acidente (B-94) a partir de setembro de 2022.<\/p>\n<p>Confira o trecho da a\u00e7\u00e3o onde os benef\u00edcios s\u00e3o concedidos:<\/p>\n<p>Diante do exposto, JULGO PARCIALMENTE PROCEDENTES os pedidos, com resolu\u00e7\u00e3o do m\u00e9rito, na forma do artigo 487, I, do C\u00f3digo de Processo Civil, para:<\/p>\n<p><em><strong>a) CONDENAR o r\u00e9u a conceder \u00e0 autora o benef\u00edcio de aux\u00edlio por incapacidade tempor\u00e1ria acident\u00e1rio, esp\u00e9cie B91, no per\u00edodo de 12\/04\/2022 a 31\/08\/2022;<\/strong><\/em><br \/><em><strong>b) CONDENAR o r\u00e9u a conceder \u00e0 autora o benef\u00edcio de aux\u00edlio-acidente acident\u00e1rio, esp\u00e9cie B94, a partir de 01\/09\/2022, onde ir\u00e1 receber o valor correspondente a 50% do sal\u00e1rio benef\u00edcio (art. 86 \u00a7 1\u00ba e 2\u00ba da Lei 8.213\/91 e art. 104 \u00a7 1\u00ba do Decreto 3.048\/99) at\u00e9 a aposentadoria.<\/strong><\/em><\/p>\n<p><u>Procure o Sindicato<\/u><\/p>\n<p>Jornadas extensas, metas elevadas e tarefas com esfor\u00e7o repetitivo, podem levar ao adoecimento do trabalhador.<\/p>\n<p>A LER\/DORT, por exemplo, engloba um conjunto de les\u00f5es associadas a movimentos repetitivos e posturas inadequadas, frequentes em atividades banc\u00e1rias de alta cobran\u00e7a por produtividade.<\/p>\n<p><b>Fique atento aos sinais<\/b>.<\/p>\n<p>\u00c9 importante registrar sintomas, guardar laudos e reportar condi\u00e7\u00f5es inadequadas. Em casos de LER\/DORT, tempo de exposi\u00e7\u00e3o e atividade repetitiva costumam ser decisivos.<\/p>\n<p>No setor financeiro, onde metas e ritmo s\u00e3o intensos, iniciativas de sa\u00fade ocupacional precisam ser documentadas e aud\u00edveis.<\/p>\n<p>Acompanhar indicadores de adoecimento, reavaliar postos de trabalho e ajustar processos s\u00e3o medidas que preservam produtividade e seguran\u00e7a jur\u00eddica.<\/p>\n<p><b>Em caso de d\u00favidas, fale com um(a) diretor(a) do Sindicato dos Banc\u00e1rios da Baixada Fluminense.\u00a0<\/b><\/p>\n","protected":false},"excerpt":{"rendered":"<p>O Sindicato dos Banc\u00e1rios da Baixada Fluminense \u00e9 incans\u00e1vel na luta pelos direitos dos trabalhadores banc\u00e1rios. E, em mais um caso\u00a0acompanhado pela entidade, com assessoria do Escrit\u00f3rio Baptista &amp; Reis Advogados, atrav\u00e9s do Dr. Luiz Paulo Barros, uma banc\u00e1ria obteve dois aux\u00edlios concedidos, simultaneamente, na mesma a\u00e7\u00e3o: o\u00a0aux\u00edlio por incapacidade tempor\u00e1ria acident\u00e1rio, esp\u00e9cie B91; e\u00a0o [&hellip;]<\/p>\n","protected":false},"author":2,"featured_media":17302,"comment_status":"","ping_status":"","sticky":false,"template":"","format":"standard","meta":{"footnotes":""},"categories":[3],"tags":[],"class_list":["post-17303","post","type-post","status-publish","format-standard","has-post-thumbnail","hentry","category-noticias"],"_links":{"self":[{"href":"https:\/\/hostnetart.com.br\/baixada\/wp-json\/wp\/v2\/posts\/17303","targetHints":{"allow":["GET"]}}],"collection":[{"href":"https:\/\/hostnetart.com.br\/baixada\/wp-json\/wp\/v2\/posts"}],"about":[{"href":"https:\/\/hostnetart.com.br\/baixada\/wp-json\/wp\/v2\/types\/post"}],"author":[{"embeddable":true,"href":"https:\/\/hostnetart.com.br\/baixada\/wp-json\/wp\/v2\/users\/2"}],"replies":[{"embeddable":true,"href":"https:\/\/hostnetart.com.br\/baixada\/wp-json\/wp\/v2\/comments?post=17303"}],"version-history":[{"count":0,"href":"https:\/\/hostnetart.com.br\/baixada\/wp-json\/wp\/v2\/posts\/17303\/revisions"}],"wp:featuredmedia":[{"embeddable":true,"href":"https:\/\/hostnetart.com.br\/baixada\/wp-json\/wp\/v2\/media\/17302"}],"wp:attachment":[{"href":"https:\/\/hostnetart.com.br\/baixada\/wp-json\/wp\/v2\/media?parent=17303"}],"wp:term":[{"taxonomy":"category","embeddable":true,"href":"https:\/\/hostnetart.com.br\/baixada\/wp-json\/wp\/v2\/categories?post=17303"},{"taxonomy":"post_tag","embeddable":true,"href":"https:\/\/hostnetart.com.br\/baixada\/wp-json\/wp\/v2\/tags?post=17303"}],"curies":[{"name":"wp","href":"https:\/\/api.w.org\/{rel}","templated":true}]}}