{"id":17299,"date":"2026-07-07T17:18:35","date_gmt":"2026-07-07T20:18:35","guid":{"rendered":"https:\/\/hostnetart.com.br\/baixada\/inscricoes-abertas-para-turma-de-julho-do-curso-paternidade-e-maternidade-com-relacoes-compartilhadas\/"},"modified":"2026-07-07T17:18:35","modified_gmt":"2026-07-07T20:18:35","slug":"inscricoes-abertas-para-turma-de-julho-do-curso-paternidade-e-maternidade-com-relacoes-compartilhadas","status":"publish","type":"post","link":"https:\/\/hostnetart.com.br\/baixada\/inscricoes-abertas-para-turma-de-julho-do-curso-paternidade-e-maternidade-com-relacoes-compartilhadas\/","title":{"rendered":"Inscri\u00e7\u00f5es abertas para turma de julho do curso \u201cPaternidade e Maternidade com Rela\u00e7\u00f5es Compartilhadas\u201d"},"content":{"rendered":"<p>Est\u00e3o abertas as inscri\u00e7\u00f5es para a nova turma do curso \u201cPaternidade e Maternidade com Rela\u00e7\u00f5es Compartilhadas\u201d, voltado a futuros pais, m\u00e3es e fam\u00edlias que desejam se preparar para a chegada do beb\u00ea e refletir sobre os desafios da parentalidade no mundo contempor\u00e2neo.<\/p>\n<p>As aulas ser\u00e3o online e ao vivo, permitindo intera\u00e7\u00e3o direta entre alunos e professores, al\u00e9m da troca de experi\u00eancias entre os pr\u00f3prios participantes. O curso ser\u00e1 realizado entre os\u00a0<strong>dias 27 e 30 de julho, sempre das 19h30 \u00e0s 21h30<\/strong>.<\/p>\n<p>Al\u00e9m dos futuros papais \u2014 para os quais a realiza\u00e7\u00e3o do curso, em qualquer momento da gesta\u00e7\u00e3o, \u00e9 pr\u00e9-requisito para a licen\u00e7a-paternidade ampliada de 20 dias, conquista do movimento sindical \u2014, banc\u00e1rias e financi\u00e1rias gestantes tamb\u00e9m podem participar acompanhadas de seus companheiros, mesmo que eles n\u00e3o sejam banc\u00e1rios.<\/p>\n<p>\u00c9 importante destacar que a licen\u00e7a-paternidade ampliada depende da pol\u00edtica adotada por cada empresa.<\/p>\n<p><a href=\"https:\/\/loja.spbancarios.com.br\/produto\/paternidade-responsavel\/?_gl=1*lv7que*_gcl_au*MTI5MDk5MTQ3MC4xNzc5ODg4NDI0*_ga*MzI4ODk4NjMxLjE3MDU5Mjk1NjM.*_ga_T1YR283R0X*czE3ODMzNDU4NDkkbzcxJGcxJHQxNzgzMzQ2MjcxJGo2MCRsMCRoMA..\"><strong>Inscri\u00e7\u00f5es e valores<\/strong><\/a><\/p>\n<p>O investimento para o p\u00fablico em geral \u00e9 de R$ 280. Banc\u00e1rios e financi\u00e1rios sindicalizados t\u00eam valor reduzido e pagam R$ 180.<\/p>\n<h2>Sobre o curso<\/h2>\n<p>O grande diferencial da forma\u00e7\u00e3o \u00e9 a metodologia participativa, baseada no di\u00e1logo e na reflex\u00e3o coletiva. Durante as aulas, pais e m\u00e3es s\u00e3o convidados a compartilhar experi\u00eancias e discutir quest\u00f5es pr\u00e1ticas e emocionais relacionadas \u00e0 parentalidade.<\/p>\n<p>A proposta \u00e9 estimular uma vis\u00e3o mais compartilhada das responsabilidades familiares, abordando temas como:<\/p>\n<p>o momento emocional vivido pelos pais;<br \/>os desafios da chegada de um novo integrante na fam\u00edlia;<br \/>depress\u00e3o p\u00f3s-parto;<br \/>respeito \u00e0s condi\u00e7\u00f5es biol\u00f3gicas e psicol\u00f3gicas da mulher;<br \/>educa\u00e7\u00e3o para a igualdade;<\/p>\n<p>constru\u00e7\u00e3o de v\u00ednculos familiares mais saud\u00e1veis.<\/p>\n<p>Al\u00e9m da reflex\u00e3o te\u00f3rica, o curso tamb\u00e9m apresenta orienta\u00e7\u00f5es pr\u00e1ticas para o cuidado com o beb\u00ea, contribuindo para desmistificar o cotidiano com o rec\u00e9m-nascido.<\/p>\n<p>Programa do curso<\/p>\n<p>Aula 1 \u2013 Paternidade e os desafios para a fam\u00edlia<\/p>\n<p>Acolhida e apresenta\u00e7\u00e3o geral do curso;<br \/>Aspectos psicol\u00f3gicos do momento da paternidade;<br \/>Desafios familiares com a chegada do beb\u00ea;<br \/>Depress\u00e3o p\u00f3s-parto e seus efeitos;<br \/>Respeito \u00e0 condi\u00e7\u00e3o biol\u00f3gica e psicol\u00f3gica da mulher;<br \/>Educa\u00e7\u00e3o sem viol\u00eancia;<br \/>Uso de telas na inf\u00e2ncia.<\/p>\n<p>Aula 2 \u2013 O ato de educar: pais e m\u00e3es comprometidos<\/p>\n<p>Conceitos de educa\u00e7\u00e3o;<br \/>Papel do pai na educa\u00e7\u00e3o da crian\u00e7a;<br \/>Intera\u00e7\u00e3o entre pai e m\u00e3e no processo educativo;<br \/>Limites e combinados com crian\u00e7as;<br \/>Qualidade do tempo e seus impactos na forma\u00e7\u00e3o infantil.<\/p>\n<p>Aula 3 \u2013 Cuidados pr\u00e1ticos com o rec\u00e9m-nascido<\/p>\n<p>Pr\u00e9-parto e dia do parto;<br \/>Banho e troca de fraldas;<br \/>Amamenta\u00e7\u00e3o e cuidados p\u00f3s-mamada;<br \/>Manobras de desengasgo;<br \/>Como carregar e colocar o beb\u00ea para dormir;<br \/>Orienta\u00e7\u00f5es gerais para o cotidiano com o rec\u00e9m-nascido.<\/p>\n<p>Aula 4 \u2013 Rela\u00e7\u00f5es contempor\u00e2neas e o papel dos pais<\/p>\n<p>Reflex\u00e3o sobre o papel do homem e da mulher na sociedade atual;<br \/>A paternidade como oportunidade de fortalecer o desenvolvimento da crian\u00e7a;<br \/>Constru\u00e7\u00e3o de rela\u00e7\u00f5es familiares mais equitativas.<\/p>\n<p>Os interessados devem garantir a inscri\u00e7\u00e3o o quanto antes, j\u00e1 que as vagas s\u00e3o limitadas.<\/p>\n<p><em>Fonte: Contraf-CUT<\/em><\/p>\n","protected":false},"excerpt":{"rendered":"<p>Est\u00e3o abertas as inscri\u00e7\u00f5es para a nova turma do curso \u201cPaternidade e Maternidade com Rela\u00e7\u00f5es Compartilhadas\u201d, voltado a futuros pais, m\u00e3es e fam\u00edlias que desejam se preparar para a chegada do beb\u00ea e refletir sobre os desafios da parentalidade no mundo contempor\u00e2neo. As aulas ser\u00e3o online e ao vivo, permitindo intera\u00e7\u00e3o direta entre alunos e [&hellip;]<\/p>\n","protected":false},"author":2,"featured_media":17298,"comment_status":"","ping_status":"","sticky":false,"template":"","format":"standard","meta":{"footnotes":""},"categories":[3],"tags":[],"class_list":["post-17299","post","type-post","status-publish","format-standard","has-post-thumbnail","hentry","category-noticias"],"_links":{"self":[{"href":"https:\/\/hostnetart.com.br\/baixada\/wp-json\/wp\/v2\/posts\/17299","targetHints":{"allow":["GET"]}}],"collection":[{"href":"https:\/\/hostnetart.com.br\/baixada\/wp-json\/wp\/v2\/posts"}],"about":[{"href":"https:\/\/hostnetart.com.br\/baixada\/wp-json\/wp\/v2\/types\/post"}],"author":[{"embeddable":true,"href":"https:\/\/hostnetart.com.br\/baixada\/wp-json\/wp\/v2\/users\/2"}],"replies":[{"embeddable":true,"href":"https:\/\/hostnetart.com.br\/baixada\/wp-json\/wp\/v2\/comments?post=17299"}],"version-history":[{"count":0,"href":"https:\/\/hostnetart.com.br\/baixada\/wp-json\/wp\/v2\/posts\/17299\/revisions"}],"wp:featuredmedia":[{"embeddable":true,"href":"https:\/\/hostnetart.com.br\/baixada\/wp-json\/wp\/v2\/media\/17298"}],"wp:attachment":[{"href":"https:\/\/hostnetart.com.br\/baixada\/wp-json\/wp\/v2\/media?parent=17299"}],"wp:term":[{"taxonomy":"category","embeddable":true,"href":"https:\/\/hostnetart.com.br\/baixada\/wp-json\/wp\/v2\/categories?post=17299"},{"taxonomy":"post_tag","embeddable":true,"href":"https:\/\/hostnetart.com.br\/baixada\/wp-json\/wp\/v2\/tags?post=17299"}],"curies":[{"name":"wp","href":"https:\/\/api.w.org\/{rel}","templated":true}]}}