{"id":17295,"date":"2026-07-05T17:27:53","date_gmt":"2026-07-05T20:27:53","guid":{"rendered":"https:\/\/hostnetart.com.br\/baixada\/nova-diretoria-do-sindicato-dos-bancarios-da-baixada-fluminense-toma-posse-2\/"},"modified":"2026-07-05T17:27:53","modified_gmt":"2026-07-05T20:27:53","slug":"nova-diretoria-do-sindicato-dos-bancarios-da-baixada-fluminense-toma-posse-2","status":"publish","type":"post","link":"https:\/\/hostnetart.com.br\/baixada\/nova-diretoria-do-sindicato-dos-bancarios-da-baixada-fluminense-toma-posse-2\/","title":{"rendered":"Nova diretoria do Sindicato dos Banc\u00e1rios da Baixada Fluminense toma posse"},"content":{"rendered":"<p>Na \u00faltima sexta-feira (3\/7), tomou posse a nova diretoria do Sindicato dos Banc\u00e1rios da Baixada Fluminense.<\/p>\n<p>Os dirigentes sindicais ir\u00e3o comandar a entidade nos pr\u00f3ximos quatro anos, com Pedro Batista, Jos\u00e9 La\u00e9rcio e Renata Soeiro na Coordena\u00e7\u00e3o Geral.<\/p>\n<p>A solenidade, realizada em Duque de Caxias, contou com a presen\u00e7a de representantes de diversas entidades, como Nilton Esperan\u00e7a, presidente da Fetraf RJ\/ES, Almir Aguiar representando a Contraf-CUT, Jos\u00e9 Ferreira, presidente do Sindicato dos Banc\u00e1rios do Rio de Janeiro, Jorge Antonio Porkinho, presidente do Sindicato dos Banc\u00e1rios de Niter\u00f3i, Joanderson Gomes, presidente do Sindicato dos Banc\u00e1rios de Itaperuna, Fernando Guimar\u00e3es, representando a Superintend\u00eancia da Caixa Econ\u00f4mica Federal, Celson Pansera, ex-deputado federal, Cl\u00e1udio Gimenes, Presidente do ICTIM de Maric\u00e1, al\u00e9m de dirigentes do Sindicato dos Banc\u00e1rios de Angra dos Reis e da Central \u00danica dos Trabalhadores (CUT).<\/p>\n<p>A Chapa 1 &#8211; Unidade na Luta foi eleita com 98,5% dos votos v\u00e1lidos e tem a miss\u00e3o de representar banc\u00e1rias e banc\u00e1rios dos munic\u00edpios de Duque de Caxias, Nova Igua\u00e7u, Mag\u00e9, Japeri, Nil\u00f3polis, Mesquita, Queimados, Guapimirim, Belford Roxo e S\u00e3o Jo\u00e3o de Meriti.<\/p>\n<p>Al\u00e9m disso, prezar pela sa\u00fade e condi\u00e7\u00f5es de trabalho, acompanhar as transforma\u00e7\u00f5es do sistema financeiro, do avan\u00e7o da Intelig\u00eancia Artificial, do crescimento dos bancos digitais, al\u00e9m do combate \u00e0s demiss\u00f5es e fechamento de ag\u00eancias, est\u00e3o entre as prioridades da Chapa 1.<\/p>\n<p>Confira a nova composi\u00e7\u00e3o da diretoria:<\/p>\n<p>\u00a0<\/p>\n<p><strong>Coordena\u00e7\u00e3o Geral:<\/strong><\/p>\n<ul>\n<li>Pedro Batista Fraga Henriques\u00a0<\/li>\n<li>Jos\u00e9 La\u00e9rcio Pinto de Oliveira\u00a0<\/li>\n<li>Renata Macedo Soeiro\u00a0<\/li>\n<\/ul>\n<p><strong>Secretaria de Organiza\u00e7\u00e3o:<\/strong><\/p>\n<ul>\n<li>Newton Andrade Fran\u00e7a<\/li>\n<\/ul>\n<p><strong>Secretaria de Administra\u00e7\u00e3o:<\/strong><\/p>\n<ul>\n<li>Roberto Domingos de Paula<\/li>\n<li>R\u00fabio Barros Araujo<\/li>\n<\/ul>\n<p><strong>Secretaria Jur\u00eddica:<\/strong><\/p>\n<ul>\n<li>Claudio Leite Leal<\/li>\n<\/ul>\n<p><strong>Secretaria de Imprensa:<\/strong><\/p>\n<ul>\n<li>Os\u00e9ias Andr\u00e9 Herculano<\/li>\n<li>Solange Ribeiro Viana<\/li>\n<\/ul>\n<p><strong>Secretaria de Esporte, Cultura e Lazer:<\/strong><\/p>\n<ul>\n<li>Ricardo Santos de S\u00e1<\/li>\n<\/ul>\n<p><strong>Secretaria de Rela\u00e7\u00f5es Sindicais:<\/strong><\/p>\n<ul>\n<li>Marcelo de Oliveira Silva<\/li>\n<li>Gentil Nogueira Ramos<\/li>\n<\/ul>\n<p><strong>Secretaria de Sa\u00fade e Seguran\u00e7a do Trabalho:<\/strong><\/p>\n<ul>\n<li>Ros\u00e2ngela da Costa Gon\u00e7alves<\/li>\n<\/ul>\n<p><strong>Secretaria de Forma\u00e7\u00e3o:<\/strong><\/p>\n<ul>\n<li>Di\u00e1las Coelho Filho<\/li>\n<\/ul>\n<p><strong>Diretores<\/strong>:<\/p>\n<ul>\n<li>Astrogildo Martins,\u00a0Milene Priegue,\u00a0Andr\u00e9 Fagundes,\u00a0Jo\u00e3o Marcelo Pimentel,\u00a0Marco Ant\u00f4nio Luiz dos Santos,\u00a0Elizabeth Paradela,\u00a0Eliane de Castro,\u00a0Jefferson Maia,\u00a0Alexandro Pra\u00e7a,\u00a0Evandro Passeri,\u00a0Fernando Correia de S\u00e1,\u00a0Gilmar Lemos,\u00a0Glaucia Cristina Borges,\u00a0Jackson da Silva,\u00a0M\u00e1rcio Sarmento e\u00a0Vander Alexandre.<\/li>\n<\/ul>\n<p><img \/><\/p>\n<p><img \/><\/p>\n<p>\u00a0<\/p>\n","protected":false},"excerpt":{"rendered":"<p>Na \u00faltima sexta-feira (3\/7), tomou posse a nova diretoria do Sindicato dos Banc\u00e1rios da Baixada Fluminense. Os dirigentes sindicais ir\u00e3o comandar a entidade nos pr\u00f3ximos quatro anos, com Pedro Batista, Jos\u00e9 La\u00e9rcio e Renata Soeiro na Coordena\u00e7\u00e3o Geral. A solenidade, realizada em Duque de Caxias, contou com a presen\u00e7a de representantes de diversas entidades, como [&hellip;]<\/p>\n","protected":false},"author":2,"featured_media":17294,"comment_status":"","ping_status":"","sticky":false,"template":"","format":"standard","meta":{"footnotes":""},"categories":[3],"tags":[],"class_list":["post-17295","post","type-post","status-publish","format-standard","has-post-thumbnail","hentry","category-noticias"],"_links":{"self":[{"href":"https:\/\/hostnetart.com.br\/baixada\/wp-json\/wp\/v2\/posts\/17295","targetHints":{"allow":["GET"]}}],"collection":[{"href":"https:\/\/hostnetart.com.br\/baixada\/wp-json\/wp\/v2\/posts"}],"about":[{"href":"https:\/\/hostnetart.com.br\/baixada\/wp-json\/wp\/v2\/types\/post"}],"author":[{"embeddable":true,"href":"https:\/\/hostnetart.com.br\/baixada\/wp-json\/wp\/v2\/users\/2"}],"replies":[{"embeddable":true,"href":"https:\/\/hostnetart.com.br\/baixada\/wp-json\/wp\/v2\/comments?post=17295"}],"version-history":[{"count":0,"href":"https:\/\/hostnetart.com.br\/baixada\/wp-json\/wp\/v2\/posts\/17295\/revisions"}],"wp:featuredmedia":[{"embeddable":true,"href":"https:\/\/hostnetart.com.br\/baixada\/wp-json\/wp\/v2\/media\/17294"}],"wp:attachment":[{"href":"https:\/\/hostnetart.com.br\/baixada\/wp-json\/wp\/v2\/media?parent=17295"}],"wp:term":[{"taxonomy":"category","embeddable":true,"href":"https:\/\/hostnetart.com.br\/baixada\/wp-json\/wp\/v2\/categories?post=17295"},{"taxonomy":"post_tag","embeddable":true,"href":"https:\/\/hostnetart.com.br\/baixada\/wp-json\/wp\/v2\/tags?post=17295"}],"curies":[{"name":"wp","href":"https:\/\/api.w.org\/{rel}","templated":true}]}}