{"id":17291,"date":"2026-07-01T13:13:00","date_gmt":"2026-07-01T16:13:00","guid":{"rendered":"https:\/\/hostnetart.com.br\/baixada\/consulta-nacional-dos-financiarios-ja-esta-aberta-e-vai-orientar-a-pauta-de-reivindicacoes-da-campanha-nacional-2026\/"},"modified":"2026-07-01T13:13:00","modified_gmt":"2026-07-01T16:13:00","slug":"consulta-nacional-dos-financiarios-ja-esta-aberta-e-vai-orientar-a-pauta-de-reivindicacoes-da-campanha-nacional-2026","status":"publish","type":"post","link":"https:\/\/hostnetart.com.br\/baixada\/consulta-nacional-dos-financiarios-ja-esta-aberta-e-vai-orientar-a-pauta-de-reivindicacoes-da-campanha-nacional-2026\/","title":{"rendered":"Consulta Nacional dos Financi\u00e1rios j\u00e1 est\u00e1 aberta e vai orientar a pauta de reivindica\u00e7\u00f5es da Campanha Nacional 2026"},"content":{"rendered":"<p>A Confedera\u00e7\u00e3o Nacional dos Trabalhadores do Ramo Financeiro (Contraf-CUT), por meio da Comiss\u00e3o Nacional dos Financi\u00e1rios, deu in\u00edcio aos preparativos da Campanha Nacional dos Financi\u00e1rios 2026. Uma das principais etapas desse processo \u00e9 a Consulta Nacional dos Financi\u00e1rios, que j\u00e1 est\u00e1 dispon\u00edvel e pode ser respondida at\u00e9 o dia 31 de julho.<\/p>\n<p>O objetivo da consulta \u00e9 ouvir as trabalhadoras e os trabalhadores do setor sobre suas principais demandas e expectativas em rela\u00e7\u00e3o \u00e0 campanha salarial. As respostas servir\u00e3o de base para a constru\u00e7\u00e3o da pauta de reivindica\u00e7\u00f5es que ser\u00e1 negociada com as institui\u00e7\u00f5es financeiras, cuja data-base da categoria \u00e9 1\u00ba de outubro.<\/p>\n<p>Segundo a secret\u00e1ria de Organiza\u00e7\u00e3o do Ramo Financeiro da Contraf-CUT, Talita R\u00e9gia da Silva, a participa\u00e7\u00e3o da categoria \u00e9 essencial para que a campanha reflita as reais necessidades dos financi\u00e1rios. &#8220;A Consulta Nacional \u00e9 um dos instrumentos mais importantes da nossa campanha. \u00c9 por meio dela que os financi\u00e1rios e financi\u00e1rias t\u00eam a oportunidade de apontar suas prioridades e contribuir diretamente para a constru\u00e7\u00e3o da pauta de reivindica\u00e7\u00f5es. Quanto maior a participa\u00e7\u00e3o, mais forte ser\u00e1 nossa representa\u00e7\u00e3o na mesa de negocia\u00e7\u00e3o e mais legitimidade teremos para defender os interesses da categoria.&#8221;<\/p>\n<p>Para Jair Alves dos Santos, diretor executivo da Contraf-CUT e coordenador da Comiss\u00e3o Nacional dos Financi\u00e1rios, a Campanha Nacional dos Financi\u00e1rios come\u00e7a com a constru\u00e7\u00e3o coletiva da pauta de reivindica\u00e7\u00f5es. \u201cPor isso, \u00e9 fundamental que cada financi\u00e1ria e cada financi\u00e1rio participe da consulta e dos debates promovidos em suas bases. Quanto maior for o envolvimento da categoria, mais representativa ser\u00e1 a nossa pauta e mais for\u00e7a teremos na mesa de negocia\u00e7\u00e3o para defender melhores sal\u00e1rios, direitos, condi\u00e7\u00f5es de trabalho e valoriza\u00e7\u00e3o profissional. A mobiliza\u00e7\u00e3o come\u00e7a agora, e a participa\u00e7\u00e3o de todos faz a diferen\u00e7a.&#8221;<\/p>\n<p>Al\u00e9m da consulta, o calend\u00e1rio da Campanha Nacional prev\u00ea a realiza\u00e7\u00e3o de debates nas bases dos sindicatos e das federa\u00e7\u00f5es, com o objetivo de elaborar propostas para a minuta de reivindica\u00e7\u00f5es, discutir resolu\u00e7\u00f5es e organizar a mobiliza\u00e7\u00e3o da categoria.<\/p>\n<h2><strong>Calend\u00e1rio da Campanha Nacional dos Financi\u00e1rios 2026<\/strong><\/h2>\n<ul>\n<li>1\u00ba a 31 de julho \u2013 Realiza\u00e7\u00e3o dos debates locais nas bases das federa\u00e7\u00f5es para elabora\u00e7\u00e3o de propostas \u00e0 minuta de reivindica\u00e7\u00f5es, resolu\u00e7\u00f5es e organiza\u00e7\u00e3o da campanha;<\/li>\n<li>1\u00ba a 31 de julho \u2013 Per\u00edodo de participa\u00e7\u00e3o na Consulta Nacional dos Financi\u00e1rios;<\/li>\n<li>5 de agosto (\u00e0 tarde) e 6 de agosto (durante todo o dia) \u2013 Realiza\u00e7\u00e3o da Confer\u00eancia Nacional dos Financi\u00e1rios, na sede da Contraf-CUT, em S\u00e3o Paulo.<\/li>\n<\/ul>\n<p>\u00a0<\/p>\n<p>A Contraf-CUT refor\u00e7a a import\u00e2ncia da participa\u00e7\u00e3o de toda a categoria nas atividades preparat\u00f3rias da campanha. As contribui\u00e7\u00f5es colhidas durante a consulta e os debates regionais ser\u00e3o consolidadas na Confer\u00eancia Nacional dos Financi\u00e1rios, quando ser\u00e1 definida a pauta que orientar\u00e1 as negocia\u00e7\u00f5es da campanha salarial deste ano.<\/p>\n<p><a href=\"https:\/\/consultafinanciarios2026.votabem.com.br\/\">Acesse a Consulta Nacional dos Financi\u00e1rios<\/a>\u00a0e participe da constru\u00e7\u00e3o da Campanha Nacional 2026.<\/p>\n<p><strong>Fonte: Contraf-CUT<\/strong><\/p>\n","protected":false},"excerpt":{"rendered":"<p>A Confedera\u00e7\u00e3o Nacional dos Trabalhadores do Ramo Financeiro (Contraf-CUT), por meio da Comiss\u00e3o Nacional dos Financi\u00e1rios, deu in\u00edcio aos preparativos da Campanha Nacional dos Financi\u00e1rios 2026. Uma das principais etapas desse processo \u00e9 a Consulta Nacional dos Financi\u00e1rios, que j\u00e1 est\u00e1 dispon\u00edvel e pode ser respondida at\u00e9 o dia 31 de julho. O objetivo da [&hellip;]<\/p>\n","protected":false},"author":2,"featured_media":17290,"comment_status":"","ping_status":"","sticky":false,"template":"","format":"standard","meta":{"footnotes":""},"categories":[3],"tags":[],"class_list":["post-17291","post","type-post","status-publish","format-standard","has-post-thumbnail","hentry","category-noticias"],"_links":{"self":[{"href":"https:\/\/hostnetart.com.br\/baixada\/wp-json\/wp\/v2\/posts\/17291","targetHints":{"allow":["GET"]}}],"collection":[{"href":"https:\/\/hostnetart.com.br\/baixada\/wp-json\/wp\/v2\/posts"}],"about":[{"href":"https:\/\/hostnetart.com.br\/baixada\/wp-json\/wp\/v2\/types\/post"}],"author":[{"embeddable":true,"href":"https:\/\/hostnetart.com.br\/baixada\/wp-json\/wp\/v2\/users\/2"}],"replies":[{"embeddable":true,"href":"https:\/\/hostnetart.com.br\/baixada\/wp-json\/wp\/v2\/comments?post=17291"}],"version-history":[{"count":0,"href":"https:\/\/hostnetart.com.br\/baixada\/wp-json\/wp\/v2\/posts\/17291\/revisions"}],"wp:featuredmedia":[{"embeddable":true,"href":"https:\/\/hostnetart.com.br\/baixada\/wp-json\/wp\/v2\/media\/17290"}],"wp:attachment":[{"href":"https:\/\/hostnetart.com.br\/baixada\/wp-json\/wp\/v2\/media?parent=17291"}],"wp:term":[{"taxonomy":"category","embeddable":true,"href":"https:\/\/hostnetart.com.br\/baixada\/wp-json\/wp\/v2\/categories?post=17291"},{"taxonomy":"post_tag","embeddable":true,"href":"https:\/\/hostnetart.com.br\/baixada\/wp-json\/wp\/v2\/tags?post=17291"}],"curies":[{"name":"wp","href":"https:\/\/api.w.org\/{rel}","templated":true}]}}