{"id":17287,"date":"2026-06-29T14:08:50","date_gmt":"2026-06-29T17:08:50","guid":{"rendered":"https:\/\/hostnetart.com.br\/baixada\/atos-pelo-fim-da-escala-6-1-e-pela-reducao-da-jornada-mobilizam-trabalhadores-nesta-terca-feira-30\/"},"modified":"2026-06-29T14:08:50","modified_gmt":"2026-06-29T17:08:50","slug":"atos-pelo-fim-da-escala-6-1-e-pela-reducao-da-jornada-mobilizam-trabalhadores-nesta-terca-feira-30","status":"publish","type":"post","link":"https:\/\/hostnetart.com.br\/baixada\/atos-pelo-fim-da-escala-6-1-e-pela-reducao-da-jornada-mobilizam-trabalhadores-nesta-terca-feira-30\/","title":{"rendered":"Atos pelo fim da escala 6\u00d71 e pela redu\u00e7\u00e3o da jornada mobilizam trabalhadores nesta ter\u00e7a-feira (30)"},"content":{"rendered":"<\/p>\n<p>Trabalhadores e trabalhadoras de diversas capitais e cidades brasileiras ocupar\u00e3o as ruas nesta ter\u00e7a-feira (30), Dia Nacional de Mobiliza\u00e7\u00e3o pela Redu\u00e7\u00e3o da Jornada de Trabalho e pelo Fim da Escala 6\u00d71.<\/p>\n<p>O objetivo dos protestos \u00e9 ampliar a press\u00e3o sobre o Senado Federal para que a Proposta de Emenda \u00e0 Constitui\u00e7\u00e3o (PEC) n\u00ba 221 avance em sua tramita\u00e7\u00e3o na Casa.<\/p>\n<p>A mobiliza\u00e7\u00e3o \u00e9 convocada pelas frentes Brasil Popular e Povo Sem Medo, pela CUT, pelo F\u00f3rum das Centrais Sindicais e pelo movimento Vida Al\u00e9m do Trabalho (VAT).<\/p>\n<p>A Confedera\u00e7\u00e3o Nacional dos Trabalhadores e Trabalhadoras do Ramo Financeiro (Contraf-CUT) e suas entidades filiadas tamb\u00e9m participar\u00e3o dos protestos.<\/p>\n<h2><strong>Press\u00e3o sobre o Sena<\/strong><strong>do<\/strong><\/h2>\n<p>O principal objetivo das manifesta\u00e7\u00f5es \u00e9 pressionar o presidente do Senado, Davi Alcolumbre, a colocar a proposta em vota\u00e7\u00e3o.<\/p>\n<p>A PEC que prev\u00ea o fim da escala 6\u00d71 e a redu\u00e7\u00e3o da jornada semanal para 40 horas, sem redu\u00e7\u00e3o de direitos, tem ganhado for\u00e7a em raz\u00e3o da ampla repercuss\u00e3o nas redes sociais e do crescente apoio popular. Pesquisas realizadas desde 2024 apontam que mais de 70% dos brasileiros defendem o fim da escala 6\u00d71.<\/p>\n<p>A CUT orienta que, al\u00e9m da participa\u00e7\u00e3o nos atos, a popula\u00e7\u00e3o pressione os parlamentares por meio da plataforma <a href=\"https:\/\/napressao.org.br\/\">Na Press\u00e3o<\/a>, que permite o contato direto com os senadores de cada estado.<\/p>\n<p>Confira os locais e hor\u00e1rios dos atos confirmados para ter\u00e7a-feira (30):<\/p>\n<ul>\n<li>Bras\u00edlia (DF): Pra\u00e7a L\u00facio Costa (em frente ao Conjunto Nacional) \u2014 17h<\/li>\n<li>S\u00e3o Paulo (SP): Avenida Paulista \u2014 18h<\/li>\n<li>Rio de Janeiro (RJ): Terminal Gentileza \u2014 8h<\/li>\n<li>Belo Horizonte (MG): Pra\u00e7a Sete \u2014 17h30<\/li>\n<li>Salvador (BA): Pra\u00e7a da Piedade \u2014 16h<\/li>\n<li>Curitiba (PR): Esquina da Democracia (Rua XV de Novembro com Monsenhor Celso) \u2014 17h<\/li>\n<li>Porto Alegre (RS): concentra\u00e7\u00e3o na Rodovi\u00e1ria, com caminhada at\u00e9 o Pal\u00e1cio Piratini \u2014 7h30<\/li>\n<li>Florian\u00f3polis (SC): Largo da Alf\u00e2ndega \u2014 16h30 (caminhada \u00e0s 18h)<\/li>\n<li>Macei\u00f3 (AL): Cal\u00e7ad\u00e3o do Com\u00e9rcio \u2014 15h<\/li>\n<li>Vit\u00f3ria (ES): Pra\u00e7a Oito \u2014 16h30<\/li>\n<li>Natal (RN): parada do Carrefour, com caminhada at\u00e9 o Nordest\u00e3o \u2014 15h<\/li>\n<li>Jo\u00e3o Pessoa (PB): Lagoa do Parque Solon de Lucena \u2014 7h<\/li>\n<\/ul>\n<p>Outras cidades mineiras, como Juiz de Fora (17h), Uberl\u00e2ndia (18h) e S\u00e3o Jo\u00e3o del-Rei (16h), tamb\u00e9m realizar\u00e3o manifesta\u00e7\u00f5es. Em Chapec\u00f3 (SC), haver\u00e1 panfletagem no Terminal Urbano, das 7h \u00e0s 9h. J\u00e1 em Fortaleza (CE), o ato foi antecipado e ocorreu na \u00faltima quinta-feira (25).<\/p>\n<p><em>Fonte: Contraf-CUT<\/em><\/p>\n","protected":false},"excerpt":{"rendered":"<p>Trabalhadores e trabalhadoras de diversas capitais e cidades brasileiras ocupar\u00e3o as ruas nesta ter\u00e7a-feira (30), Dia Nacional de Mobiliza\u00e7\u00e3o pela Redu\u00e7\u00e3o da Jornada de Trabalho e pelo Fim da Escala 6\u00d71. O objetivo dos protestos \u00e9 ampliar a press\u00e3o sobre o Senado Federal para que a Proposta de Emenda \u00e0 Constitui\u00e7\u00e3o (PEC) n\u00ba 221 avance [&hellip;]<\/p>\n","protected":false},"author":2,"featured_media":17286,"comment_status":"","ping_status":"","sticky":false,"template":"","format":"standard","meta":{"footnotes":""},"categories":[3],"tags":[],"class_list":["post-17287","post","type-post","status-publish","format-standard","has-post-thumbnail","hentry","category-noticias"],"_links":{"self":[{"href":"https:\/\/hostnetart.com.br\/baixada\/wp-json\/wp\/v2\/posts\/17287","targetHints":{"allow":["GET"]}}],"collection":[{"href":"https:\/\/hostnetart.com.br\/baixada\/wp-json\/wp\/v2\/posts"}],"about":[{"href":"https:\/\/hostnetart.com.br\/baixada\/wp-json\/wp\/v2\/types\/post"}],"author":[{"embeddable":true,"href":"https:\/\/hostnetart.com.br\/baixada\/wp-json\/wp\/v2\/users\/2"}],"replies":[{"embeddable":true,"href":"https:\/\/hostnetart.com.br\/baixada\/wp-json\/wp\/v2\/comments?post=17287"}],"version-history":[{"count":0,"href":"https:\/\/hostnetart.com.br\/baixada\/wp-json\/wp\/v2\/posts\/17287\/revisions"}],"wp:featuredmedia":[{"embeddable":true,"href":"https:\/\/hostnetart.com.br\/baixada\/wp-json\/wp\/v2\/media\/17286"}],"wp:attachment":[{"href":"https:\/\/hostnetart.com.br\/baixada\/wp-json\/wp\/v2\/media?parent=17287"}],"wp:term":[{"taxonomy":"category","embeddable":true,"href":"https:\/\/hostnetart.com.br\/baixada\/wp-json\/wp\/v2\/categories?post=17287"},{"taxonomy":"post_tag","embeddable":true,"href":"https:\/\/hostnetart.com.br\/baixada\/wp-json\/wp\/v2\/tags?post=17287"}],"curies":[{"name":"wp","href":"https:\/\/api.w.org\/{rel}","templated":true}]}}