{"id":17283,"date":"2026-06-29T14:07:03","date_gmt":"2026-06-29T17:07:03","guid":{"rendered":"https:\/\/hostnetart.com.br\/baixada\/coe-itau-entrega-pauta-de-reivindicacoes-ao-banco-no-dia-1-de-julho\/"},"modified":"2026-06-29T14:07:03","modified_gmt":"2026-06-29T17:07:03","slug":"coe-itau-entrega-pauta-de-reivindicacoes-ao-banco-no-dia-1-de-julho","status":"publish","type":"post","link":"https:\/\/hostnetart.com.br\/baixada\/coe-itau-entrega-pauta-de-reivindicacoes-ao-banco-no-dia-1-de-julho\/","title":{"rendered":"COE Ita\u00fa entrega pauta de reivindica\u00e7\u00f5es ao banco no dia 1\u00ba de julho"},"content":{"rendered":"<\/p>\n<p>A Comiss\u00e3o de Organiza\u00e7\u00e3o dos Empregados (COE) do Ita\u00fa e a dire\u00e7\u00e3o do banco ir\u00e3o se reunir no dia 1\u00ba de julho para a entrega da pauta espec\u00edfica de reivindica\u00e7\u00f5es dos funcion\u00e1rios da institui\u00e7\u00e3o. Inicialmente prevista para o dia 2 de julho, a reuni\u00e3o foi antecipada em raz\u00e3o da realiza\u00e7\u00e3o da primeira rodada de negocia\u00e7\u00f5es entre o Comando Nacional dos Banc\u00e1rios e a Federa\u00e7\u00e3o Nacional dos Bancos (Fenaban), que ocorrer\u00e1 no mesmo dia.<\/p>\n<p>A pauta de reivindica\u00e7\u00f5es foi aprovada durante o Encontro Nacional dos Funcion\u00e1rios do Ita\u00fa Unibanco, realizado em S\u00e3o Paulo, com a participa\u00e7\u00e3o de representantes dos trabalhadores de todas as regi\u00f5es do pa\u00eds. O documento re\u00fane as principais demandas dos banc\u00e1rios e banc\u00e1rias do banco para a Campanha Nacional dos Banc\u00e1rios 2026.<\/p>\n<p>Al\u00e9m da entrega da pauta de reivindica\u00e7\u00f5es, os representantes dos trabalhadores pretendem discutir com a dire\u00e7\u00e3o do Ita\u00fa as mudan\u00e7as anunciadas pelo banco no regime de trabalho h\u00edbrido. Em comunicado feito ao movimento sindical no \u00faltimo dia 23 de junho, o Ita\u00fa informou que passar\u00e1 a exigir quatro dias presenciais por semana para superintendentes a partir de janeiro de 2027 e tr\u00eas dias presenciais por semana para os demais cargos a partir do primeiro trimestre de 2028.<\/p>\n<p>Para a coordenadora nacional da COE Ita\u00fa, Valeska Pincovai, o encontro nacional demonstrou a unidade dos trabalhadores em torno dos principais desafios enfrentados pelos banc\u00e1rios e banc\u00e1rias do banco. \u201cNosso encontro foi muito positivo, principalmente por aprovar uma pauta de reivindica\u00e7\u00f5es bastante completa, com propostas para enfrentar os principais problemas que estamos vivenciando no Ita\u00fa. A uni\u00e3o demonstrada aqui vai fazer a diferen\u00e7a, e tenho certeza de que sa\u00edmos ainda mais fortalecidos para continuar a luta e a defesa dos nossos direitos\u201d, afirmou.<\/p>\n<p>Entre as principais preocupa\u00e7\u00f5es da categoria est\u00e1 a quest\u00e3o da sa\u00fade. Segundo Valeska, o aumento dos casos de adoecimento entre os funcion\u00e1rios \u00e9 consequ\u00eancia da press\u00e3o por metas, do ass\u00e9dio moral e da inseguran\u00e7a provocada pelo fechamento de ag\u00eancias. \u201cA cobran\u00e7a pelo cumprimento das metas, o ass\u00e9dio moral e o medo de perder o emprego diante do fechamento de tantas ag\u00eancias t\u00eam adoecido os funcion\u00e1rios. E o banco demonstra um descaso total em rela\u00e7\u00e3o a isso, ao dificultar o afastamento dos trabalhadores que necessitam de tratamento de sa\u00fade\u201d, destacou.<\/p>\n<p>A entrega da pauta marca o in\u00edcio das negocia\u00e7\u00f5es espec\u00edficas com o Ita\u00fa e faz parte do calend\u00e1rio da Campanha Nacional dos Banc\u00e1rios 2026. No dia seguinte, 2 de julho, o Comando Nacional dos Banc\u00e1rios e a Fenaban realizam a primeira rodada de negocia\u00e7\u00f5es da campanha nacional, dando in\u00edcio ao processo de debate das reivindica\u00e7\u00f5es de toda a categoria banc\u00e1ria.<\/p>\n<p><em>Fonte: Contraf-CUT<\/em><\/p>\n","protected":false},"excerpt":{"rendered":"<p>A Comiss\u00e3o de Organiza\u00e7\u00e3o dos Empregados (COE) do Ita\u00fa e a dire\u00e7\u00e3o do banco ir\u00e3o se reunir no dia 1\u00ba de julho para a entrega da pauta espec\u00edfica de reivindica\u00e7\u00f5es dos funcion\u00e1rios da institui\u00e7\u00e3o. Inicialmente prevista para o dia 2 de julho, a reuni\u00e3o foi antecipada em raz\u00e3o da realiza\u00e7\u00e3o da primeira rodada de negocia\u00e7\u00f5es [&hellip;]<\/p>\n","protected":false},"author":2,"featured_media":17282,"comment_status":"","ping_status":"","sticky":false,"template":"","format":"standard","meta":{"footnotes":""},"categories":[3],"tags":[],"class_list":["post-17283","post","type-post","status-publish","format-standard","has-post-thumbnail","hentry","category-noticias"],"_links":{"self":[{"href":"https:\/\/hostnetart.com.br\/baixada\/wp-json\/wp\/v2\/posts\/17283","targetHints":{"allow":["GET"]}}],"collection":[{"href":"https:\/\/hostnetart.com.br\/baixada\/wp-json\/wp\/v2\/posts"}],"about":[{"href":"https:\/\/hostnetart.com.br\/baixada\/wp-json\/wp\/v2\/types\/post"}],"author":[{"embeddable":true,"href":"https:\/\/hostnetart.com.br\/baixada\/wp-json\/wp\/v2\/users\/2"}],"replies":[{"embeddable":true,"href":"https:\/\/hostnetart.com.br\/baixada\/wp-json\/wp\/v2\/comments?post=17283"}],"version-history":[{"count":0,"href":"https:\/\/hostnetart.com.br\/baixada\/wp-json\/wp\/v2\/posts\/17283\/revisions"}],"wp:featuredmedia":[{"embeddable":true,"href":"https:\/\/hostnetart.com.br\/baixada\/wp-json\/wp\/v2\/media\/17282"}],"wp:attachment":[{"href":"https:\/\/hostnetart.com.br\/baixada\/wp-json\/wp\/v2\/media?parent=17283"}],"wp:term":[{"taxonomy":"category","embeddable":true,"href":"https:\/\/hostnetart.com.br\/baixada\/wp-json\/wp\/v2\/categories?post=17283"},{"taxonomy":"post_tag","embeddable":true,"href":"https:\/\/hostnetart.com.br\/baixada\/wp-json\/wp\/v2\/tags?post=17283"}],"curies":[{"name":"wp","href":"https:\/\/api.w.org\/{rel}","templated":true}]}}