{"id":1728,"date":"2013-11-25T00:00:00","date_gmt":"2013-11-25T02:00:00","guid":{"rendered":"https:\/\/hostnetart.com.br\/baixada\/para-presidenta-dilma-violencia-contra-a-mulher-envergonha-sociedade\/"},"modified":"2013-11-25T00:00:00","modified_gmt":"2013-11-25T02:00:00","slug":"para-presidenta-dilma-violencia-contra-a-mulher-envergonha-sociedade","status":"publish","type":"post","link":"https:\/\/hostnetart.com.br\/baixada\/para-presidenta-dilma-violencia-contra-a-mulher-envergonha-sociedade\/","title":{"rendered":"Para presidenta Dilma, viol\u00eancia contra a mulher envergonha sociedade"},"content":{"rendered":"<p>A presidenta Dilma Rousseff disse nesta segunda-feira (25), no Dia Internacional da N\u00e3o Viol\u00eancia contra a Mulher, que primar pela seguran\u00e7a feminina \u00e9 condi\u00e7\u00e3o para uma na\u00e7\u00e3o mais justa, cidad\u00e3 e igualit\u00e1ria. Em sua conta no Twitter, Dilma escreveu que, gra\u00e7as \u00e0s lutas das mulheres, o Brasil est\u00e1 mudando.<\/p>\n<p>\u201cA viol\u00eancia contra a mulher envergonha a sociedade que, infelizmente, ainda \u00e9 sexista e preconceituosa. \u00c9 uma forma de preconceito do \u2018mais forte\u2019 contra a mulher, apenas pelo fato de ser mulher\u201d, escreveu Dilma, ao acrescentar que a Lei Maria da Penha foi o alicerce do combate \u00e0 viol\u00eancia contra as mulheres no pa\u00eds.<\/p>\n<p>A presidenta destacou que o Programa Mulher, Viver sem Viol\u00eancia \u00e9 o caminho para garantir o \u201ccombate permanente e sistem\u00e1tico a essa viol\u00eancia\u201d, destacando, entre os servi\u00e7os para o atendimento \u00e0s mulheres, as delegacias, a Defensoria P\u00fablica e o atendimento psicossocial.<\/p>\n<p>Lan\u00e7ado em mar\u00e7o, o programa prev\u00ea a constru\u00e7\u00e3o de centros (Casa da Mulher Brasileira) em todas as capitais. Al\u00e9m dos servi\u00e7os citados pela presidenta, as mulheres ter\u00e3o nesses espa\u00e7os assist\u00eancia social, acolhimento e orienta\u00e7\u00e3o para o trabalho.<\/p>\n<p>O governo espera atender cerca de 200 mulheres por dia e 72 mil por ano em cada um deles. Devem ser investidos, at\u00e9 2014, R$ 265 milh\u00f5es, sendo R$ 115,7 milh\u00f5es na constru\u00e7\u00e3o dos centros, compra de equipamentos e manuten\u00e7\u00e3o,<\/p>\n<p>Fonte: Ag\u00eancia Brasil<\/p>\n","protected":false},"excerpt":{"rendered":"<p>A presidenta Dilma Rousseff disse nesta segunda-feira (25), no Dia Internacional da N\u00e3o Viol\u00eancia contra a Mulher, que primar pela seguran\u00e7a feminina \u00e9 condi\u00e7\u00e3o para uma na\u00e7\u00e3o mais justa, cidad\u00e3 e igualit\u00e1ria. Em sua conta no Twitter, Dilma escreveu que, gra\u00e7as \u00e0s lutas das mulheres, o Brasil est\u00e1 mudando. \u201cA viol\u00eancia contra a mulher envergonha [&hellip;]<\/p>\n","protected":false},"author":1,"featured_media":0,"comment_status":"","ping_status":"","sticky":false,"template":"","format":"standard","meta":{"footnotes":""},"categories":[3],"tags":[],"class_list":["post-1728","post","type-post","status-publish","format-standard","hentry","category-noticias"],"_links":{"self":[{"href":"https:\/\/hostnetart.com.br\/baixada\/wp-json\/wp\/v2\/posts\/1728","targetHints":{"allow":["GET"]}}],"collection":[{"href":"https:\/\/hostnetart.com.br\/baixada\/wp-json\/wp\/v2\/posts"}],"about":[{"href":"https:\/\/hostnetart.com.br\/baixada\/wp-json\/wp\/v2\/types\/post"}],"author":[{"embeddable":true,"href":"https:\/\/hostnetart.com.br\/baixada\/wp-json\/wp\/v2\/users\/1"}],"replies":[{"embeddable":true,"href":"https:\/\/hostnetart.com.br\/baixada\/wp-json\/wp\/v2\/comments?post=1728"}],"version-history":[{"count":0,"href":"https:\/\/hostnetart.com.br\/baixada\/wp-json\/wp\/v2\/posts\/1728\/revisions"}],"wp:attachment":[{"href":"https:\/\/hostnetart.com.br\/baixada\/wp-json\/wp\/v2\/media?parent=1728"}],"wp:term":[{"taxonomy":"category","embeddable":true,"href":"https:\/\/hostnetart.com.br\/baixada\/wp-json\/wp\/v2\/categories?post=1728"},{"taxonomy":"post_tag","embeddable":true,"href":"https:\/\/hostnetart.com.br\/baixada\/wp-json\/wp\/v2\/tags?post=1728"}],"curies":[{"name":"wp","href":"https:\/\/api.w.org\/{rel}","templated":true}]}}