{"id":17277,"date":"2026-06-25T13:33:08","date_gmt":"2026-06-25T16:33:08","guid":{"rendered":"https:\/\/hostnetart.com.br\/baixada\/banco-do-brasil-abonara-horas-dos-jogos-da-selecao-brasileira-na-copa-do-mundo\/"},"modified":"2026-06-25T13:33:08","modified_gmt":"2026-06-25T16:33:08","slug":"banco-do-brasil-abonara-horas-dos-jogos-da-selecao-brasileira-na-copa-do-mundo","status":"publish","type":"post","link":"https:\/\/hostnetart.com.br\/baixada\/banco-do-brasil-abonara-horas-dos-jogos-da-selecao-brasileira-na-copa-do-mundo\/","title":{"rendered":"Banco do Brasil abonar\u00e1 horas dos jogos da Sele\u00e7\u00e3o Brasileira na Copa do Mundo"},"content":{"rendered":"<p>Os funcion\u00e1rios do Banco do Brasil n\u00e3o precisar\u00e3o compensar as horas referentes aos per\u00edodos de libera\u00e7\u00e3o para acompanhar os jogos da Sele\u00e7\u00e3o Brasileira na Copa do Mundo. A decis\u00e3o foi comunicada pelo banco nesta segunda-feira (23), ap\u00f3s solicita\u00e7\u00e3o apresentada pelo movimento sindical.<\/p>\n<p>Al\u00e9m de seguir as orienta\u00e7\u00f5es da Federa\u00e7\u00e3o Nacional dos Bancos (Fenaban) para o funcionamento das ag\u00eancias nos dias de jogos do Brasil, o BB informou que ir\u00e1 abonar as horas n\u00e3o trabalhadas dos funcion\u00e1rios, garantindo que n\u00e3o haja necessidade de compensa\u00e7\u00e3o posterior.<\/p>\n<p>A coordenadora da Comiss\u00e3o de Empresa dos Funcion\u00e1rios do Banco do Brasil (CEBB) e dirigente sindical, Fernanda Lopes, comemorou a medida. \u201cDepois da solicita\u00e7\u00e3o, o BB informou nesta segunda-feira aos funcion\u00e1rios que ir\u00e1 abonar as horas para que todos possam acompanhar os jogos. Mesmo que tenham demorado para tomar a decis\u00e3o, o mais importante \u00e9 que o pedido tenha sido atendido\u201d, destacou.<\/p>\n<h2><strong>Hor\u00e1rios de atendimento<\/strong><\/h2>\n<p>Conforme orienta\u00e7\u00e3o da Fenaban aos bancos, quando as partidas da Sele\u00e7\u00e3o Brasileira tiverem in\u00edcio \u00e0s 14h, as ag\u00eancias funcionar\u00e3o das 9h \u00e0s 12h. Nos jogos com in\u00edcio \u00e0s 16h, o atendimento ao p\u00fablico ser\u00e1 realizado das 10h \u00e0s 14h. J\u00e1 nas partidas marcadas para as 17h, as unidades abrir\u00e3o \u00e0s 10h e encerrar\u00e3o o expediente \u00e0s 15h.<\/p>\n<p>Para os empregados que atuam em ag\u00eancias e postos de atendimento, a recomenda\u00e7\u00e3o \u00e9 que sejam dispensados do trabalho com pelo menos uma hora de anteced\u00eancia em rela\u00e7\u00e3o ao in\u00edcio dos jogos.<\/p>\n<p>No caso dos trabalhadores em regime de teletrabalho, a orienta\u00e7\u00e3o da Fenaban prev\u00ea o direito \u00e0 desconex\u00e3o entre, no m\u00ednimo, 30 minutos antes do in\u00edcio das partidas e at\u00e9 15 minutos ap\u00f3s o t\u00e9rmino dos jogos.<\/p>\n<p>J\u00e1 os trabalhadores escalados para atividades presenciais nos dias das partidas poder\u00e3o, sempre que poss\u00edvel, ser transferidos para o regime de teletrabalho ou ter garantida a mesma regra de libera\u00e7\u00e3o antecipada aplicada aos empregados das ag\u00eancias.<\/p>\n<p><strong>Fonte: Contraf-CUT<\/strong><\/p>\n","protected":false},"excerpt":{"rendered":"<p>Os funcion\u00e1rios do Banco do Brasil n\u00e3o precisar\u00e3o compensar as horas referentes aos per\u00edodos de libera\u00e7\u00e3o para acompanhar os jogos da Sele\u00e7\u00e3o Brasileira na Copa do Mundo. A decis\u00e3o foi comunicada pelo banco nesta segunda-feira (23), ap\u00f3s solicita\u00e7\u00e3o apresentada pelo movimento sindical. Al\u00e9m de seguir as orienta\u00e7\u00f5es da Federa\u00e7\u00e3o Nacional dos Bancos (Fenaban) para o [&hellip;]<\/p>\n","protected":false},"author":2,"featured_media":17276,"comment_status":"","ping_status":"","sticky":false,"template":"","format":"standard","meta":{"footnotes":""},"categories":[3],"tags":[],"class_list":["post-17277","post","type-post","status-publish","format-standard","has-post-thumbnail","hentry","category-noticias"],"_links":{"self":[{"href":"https:\/\/hostnetart.com.br\/baixada\/wp-json\/wp\/v2\/posts\/17277","targetHints":{"allow":["GET"]}}],"collection":[{"href":"https:\/\/hostnetart.com.br\/baixada\/wp-json\/wp\/v2\/posts"}],"about":[{"href":"https:\/\/hostnetart.com.br\/baixada\/wp-json\/wp\/v2\/types\/post"}],"author":[{"embeddable":true,"href":"https:\/\/hostnetart.com.br\/baixada\/wp-json\/wp\/v2\/users\/2"}],"replies":[{"embeddable":true,"href":"https:\/\/hostnetart.com.br\/baixada\/wp-json\/wp\/v2\/comments?post=17277"}],"version-history":[{"count":0,"href":"https:\/\/hostnetart.com.br\/baixada\/wp-json\/wp\/v2\/posts\/17277\/revisions"}],"wp:featuredmedia":[{"embeddable":true,"href":"https:\/\/hostnetart.com.br\/baixada\/wp-json\/wp\/v2\/media\/17276"}],"wp:attachment":[{"href":"https:\/\/hostnetart.com.br\/baixada\/wp-json\/wp\/v2\/media?parent=17277"}],"wp:term":[{"taxonomy":"category","embeddable":true,"href":"https:\/\/hostnetart.com.br\/baixada\/wp-json\/wp\/v2\/categories?post=17277"},{"taxonomy":"post_tag","embeddable":true,"href":"https:\/\/hostnetart.com.br\/baixada\/wp-json\/wp\/v2\/tags?post=17277"}],"curies":[{"name":"wp","href":"https:\/\/api.w.org\/{rel}","templated":true}]}}