{"id":17271,"date":"2026-06-24T20:00:17","date_gmt":"2026-06-24T23:00:17","guid":{"rendered":"https:\/\/hostnetart.com.br\/baixada\/minuta-de-reivindicacoes-e-entregue-a-fenaban\/"},"modified":"2026-06-24T20:00:17","modified_gmt":"2026-06-24T23:00:17","slug":"minuta-de-reivindicacoes-e-entregue-a-fenaban","status":"publish","type":"post","link":"https:\/\/hostnetart.com.br\/baixada\/minuta-de-reivindicacoes-e-entregue-a-fenaban\/","title":{"rendered":"Minuta de reivindica\u00e7\u00f5es \u00e9 entregue \u00e0 Fenaban"},"content":{"rendered":"<p>OComando Nacional dos Banc\u00e1rios e das Banc\u00e1rias entregou, na manh\u00e3 desta quarta-feira (24\/6), a minuta de reivindica\u00e7\u00f5es para a Federa\u00e7\u00e3o Nacional dos Bancos (Fenaban).<\/p>\n<p>O encontro marca oficialmente o in\u00edcio da Campanha Nacional Unificada para a reposi\u00e7\u00e3o da infla\u00e7\u00e3o, reajustes salariais e outros direitos na Conven\u00e7\u00e3o Coletiva de Trabalho (CCT), que deve ter a assinatura renovada at\u00e9 a v\u00e9spera da data-base da categoria, em 1\u00ba de setembro.<\/p>\n<p>A primeira mesa de negocia\u00e7\u00e3o da Campanha Nacional Unificada tamb\u00e9m j\u00e1 tem data marcada. Ser\u00e1 no dia 2 de julho, na capital paulista.<\/p>\n<p>\u201cA partir de agora, ser\u00e1 definida a agenda das mesas de negocia\u00e7\u00e3o com pautas muito importantes para a categoria, como reposi\u00e7\u00e3o da infla\u00e7\u00e3o, reajustes salariais e outros direitos na Conven\u00e7\u00e3o Coletiva, que deve ter a assinatura renovada at\u00e9 1\u00ba de setembro. A luta continua\u201d, explica Nilton Esperan\u00e7a, Presidente da Fetraf RJ\/ES.<\/p>\n<p>E completou. \u201cTamb\u00e9m gostaria de ressaltar a import\u00e2ncia dos banc\u00e1rios participarem das manifesta\u00e7\u00f5es, assembleias e todas as convoca\u00e7\u00f5es de seus sindicatos de base. Isso fortalece as discuss\u00f5es na mesa de negocia\u00e7\u00e3o. Queremos responsabilidade social, aten\u00e7\u00e3o ao ass\u00e9dio moral e sexual, cessar o fechamento de ag\u00eancias, demiss\u00f5es e adoecimento da categoria. Ou seja, negocia\u00e7\u00f5es s\u00e9rias e com mais efetividade.\u201d<\/p>\n<p>Os principais eixos da pauta de reivindica\u00e7\u00f5es da categoria s\u00e3o:<\/p>\n<p>\u2013 5% de aumento real no sal\u00e1rio e nas demais verbas, como PLR, VA e VR;<\/p>\n<p>\u2013 Fim das metas abusivas;<\/p>\n<p>\u2013 Manuten\u00e7\u00e3o do formato atual da PLR (percentual do sal\u00e1rio mais parcela fixa e adicional);<\/p>\n<p>\u2013 Manuten\u00e7\u00e3o dos direitos conquistados;<\/p>\n<p>\u2013 Manuten\u00e7\u00e3o da mesa \u00fanica, da CCT para toda a categoria e dos direitos j\u00e1 conquistados;<\/p>\n<p>\u2013 Defesa do emprego banc\u00e1rio;<\/p>\n<p>\u2013 Defesa dos bancos p\u00fablicos;<\/p>\n<p>\u2013 Distribui\u00e7\u00e3o melhor dos ganhos da tecnologia, com o fim do monitoramento excessivo no teletrabalho, preservando a privacidade do banc\u00e1rio.<\/p>\n<p>A tamb\u00e9m coordenadora do Comando Nacional, Neiva Ribeiro, ressaltou que a negocia\u00e7\u00e3o da categoria banc\u00e1ria serve de par\u00e2metro para outras categoriais. \u201cAo longo de anos, constru\u00edmos uma CCT robusta em direitos sociais e com reajustes reais (acima da infla\u00e7\u00e3o). Temos, agora, nesta nova campanha de renova\u00e7\u00e3o da CCT, a expectativa de seguir avan\u00e7ando, n\u00e3o s\u00f3 nas pautas econ\u00f4micas como tamb\u00e9m nas pautas sociais, na garantia do emprego banc\u00e1rio e do papel social e econ\u00f4micos que os bancos precisam cumprir\u201d, completou.<\/p>\n<p>Entre 2020 e 2025, o lucro l\u00edquido do Sistema Financeiro Nacional (SFN) cresceu 114%, com destaque para os bancos digitais, que registraram salto de 2.137% no lucro, seguido pelas cooperativas com 180% de aumento. No mesmo per\u00edodo, os bancos privados e p\u00fablicos tamb\u00e9m mantiveram tend\u00eancia de alta, com crescimento de 114% e 46%, respectivamente.<\/p>\n<p>Entretanto, apesar desse cen\u00e1rio de lucros multibilion\u00e1rios, os bancos seguem fechando ag\u00eancias e reduzindo postos de trabalho. \u201cA luta da categoria banc\u00e1ria por valoriza\u00e7\u00e3o salarial e profissional \u00e9 uma luta de distribui\u00e7\u00e3o dos lucros multibilion\u00e1rios do setor. Os cinco maiores bancos do pa\u00eds lucraram R$ 145 bilh\u00f5es em 2025, e neste ano, s\u00f3 os tr\u00eas maiores bancos privados \u2013 Bradesco, Ita\u00fa e Santander \u2013 j\u00e1 obtiveram lucro de R$ 35 bilh\u00f5es no primeiro trimestre, resultado 16% maior que do mesmo per\u00edodo do ano passado\u201d, refor\u00e7ou Juvandia Moreira.<\/p>\n<p>A dirigente registrou ainda que, entre 2024 e 2025, foram fechados 14 mil postos de trabalho e mais de 1.300 ag\u00eancias foram encerradas pelos cinco maiores bancos. \u201cEssa reestrutura\u00e7\u00e3o est\u00e1 preocupando categoria, aumentando a inseguran\u00e7a sobre a manuten\u00e7\u00e3o do seu emprego, onde ser\u00e1 o seu local de trabalho. Tudo isso estar\u00e1 em debate nessa campanha nacional\u201d, arrematou.<\/p>\n<p>Consulta Nacional<\/p>\n<p>O Comando Nacional apresentou aos bancos os principais resultados da Consulta Nacional dos Banc\u00e1rios 2026, e que ajudou a nortear o conte\u00fado da minuta de reivindica\u00e7\u00f5es.<\/p>\n<p>Entre as cl\u00e1usulas econ\u00f4micas, a principal prioridade apontada pela categoria foi o aumento real de sal\u00e1rio, indicado por 93% dos respondentes. Em seguida aparecem aumento da PLR, com 63%; aumento maior para o vale-alimenta\u00e7\u00e3o e o vale-refei\u00e7\u00e3o, com 51%. \u201cEsses resultados apontam que o aumento real, a recomposi\u00e7\u00e3o salarial acima da infla\u00e7\u00e3o, \u00e9 um fator importante para a categoria\u201d, destacou Juvandia Moreira.<\/p>\n<p>A dirigente mostrou ainda que a Consulta Nacional, realizada entre os dias 17 de abril e 31 de maio, revela a preocupa\u00e7\u00e3o da categoria com a sa\u00fade mental e combate ao ass\u00e9dio moral e outras formas de viol\u00eancia no ambiente de trabalho.<\/p>\n<p>Nas cl\u00e1usulas sociais, a manuten\u00e7\u00e3o de direitos aparece como a principal prioridade, citada por 65% dos respondentes. Emprego foi indicado por 45%; plano de sa\u00fade, por 39%; combate ao ass\u00e9dio moral, por 35%; igualdade de oportunidades, por 24%; previd\u00eancia complementar, por 19%; e impacto das inova\u00e7\u00f5es tecnol\u00f3gicas, por 17%.<\/p>\n<p>A consulta tamb\u00e9m revelou que 40% dos banc\u00e1rios usaram medicamentos controlados, como antidepressivos, ansiol\u00edticos ou estimulantes, nos \u00faltimos 12 meses. Al\u00e9m disso, 72,6% afirmaram que o ambiente de trabalho no banco em que atuam traz impactos negativos para a sa\u00fade mental dos trabalhadores e trabalhadoras. Apenas 14,3% disseram que n\u00e3o h\u00e1 impactos negativos e 12,6% responderam que n\u00e3o sabem.<\/p>\n<p>Ultratividade<\/p>\n<p>O Comando Nacional tamb\u00e9m defendeu a assinatura de um pr\u00e9-acordo para garantir a ultratividade da Conven\u00e7\u00e3o Coletiva de Trabalho, fundamental para dar seguran\u00e7a aos trabalhadores durante o processo de negocia\u00e7\u00e3o. A ultratividade assegura a manuten\u00e7\u00e3o de todas as cl\u00e1usulas e conquistas da categoria at\u00e9 a celebra\u00e7\u00e3o de um novo acordo, preservando direitos e garantindo equil\u00edbrio nas negocia\u00e7\u00f5es.<\/p>\n<p>Lan\u00e7amento da Campanha da Categoria Banc\u00e1ria 2026<\/p>\n<p>Tamb\u00e9m nesta quarta-feira (24), ocorreu o lan\u00e7amento digital da Campanha Nacional Unificada da Categoria com o tema \u201cBanc\u00e1rias e banc\u00e1rios feitos de esperan\u00e7a, movidos pela luta\u201d.<\/p>\n<p>O secret\u00e1rio de Comunica\u00e7\u00e3o da Contraf-CUT, Elias Hennemann Jord\u00e3o, explica que o objetivo da mote aprovado na 28\u00aa Confer\u00eancia Nacional dos Banc\u00e1rios e Banc\u00e1rias \u00e9 refor\u00e7ar a defesa da vida, da dignidade e dos direitos na mobiliza\u00e7\u00e3o da categoria.<\/p>\n<p>\u201cA campanha afirma que somos feitos de esperan\u00e7a porque acreditamos na capacidade de transforma\u00e7\u00e3o da luta coletiva. Mas tamb\u00e9m deixa claro que essa esperan\u00e7a n\u00e3o \u00e9 passiva: ela se move pela organiza\u00e7\u00e3o, pela mobiliza\u00e7\u00e3o e pela defesa concreta de sal\u00e1rio, emprego, PLR, sa\u00fade, direitos e dignidade no trabalho\u201d, completou.<\/p>\n<p><img fetchpriority=\"high\" decoding=\"async\" class=\"alignnone size-full wp-image-30257\" src=\"https:\/\/fetrafrjes.org.br\/wp-content\/uploads\/2026\/06\/5d9d0f02-74f9-4ab3-8927-2bbdae25b50c.jpeg\" sizes=\"(max-width: 1600px) 100vw, 1600px\" srcset=\"https:\/\/fetrafrjes.org.br\/wp-content\/uploads\/2026\/06\/5d9d0f02-74f9-4ab3-8927-2bbdae25b50c.jpeg 1600w, https:\/\/fetrafrjes.org.br\/wp-content\/uploads\/2026\/06\/5d9d0f02-74f9-4ab3-8927-2bbdae25b50c-600x400.jpeg 600w, https:\/\/fetrafrjes.org.br\/wp-content\/uploads\/2026\/06\/5d9d0f02-74f9-4ab3-8927-2bbdae25b50c-1024x682.jpeg 1024w, https:\/\/fetrafrjes.org.br\/wp-content\/uploads\/2026\/06\/5d9d0f02-74f9-4ab3-8927-2bbdae25b50c-768x512.jpeg 768w, https:\/\/fetrafrjes.org.br\/wp-content\/uploads\/2026\/06\/5d9d0f02-74f9-4ab3-8927-2bbdae25b50c-1536x1023.jpeg 1536w, https:\/\/fetrafrjes.org.br\/wp-content\/uploads\/2026\/06\/5d9d0f02-74f9-4ab3-8927-2bbdae25b50c-1200x800.jpeg 1200w\" alt=\"\" width=\"1600\" height=\"1066\" \/><img decoding=\"async\" class=\"alignnone size-full wp-image-30258\" src=\"https:\/\/fetrafrjes.org.br\/wp-content\/uploads\/2026\/06\/IMG_9364.jpeg\" sizes=\"(max-width: 2048px) 100vw, 2048px\" srcset=\"https:\/\/fetrafrjes.org.br\/wp-content\/uploads\/2026\/06\/IMG_9364.jpeg 2048w, https:\/\/fetrafrjes.org.br\/wp-content\/uploads\/2026\/06\/IMG_9364-600x400.jpeg 600w, https:\/\/fetrafrjes.org.br\/wp-content\/uploads\/2026\/06\/IMG_9364-1024x683.jpeg 1024w, https:\/\/fetrafrjes.org.br\/wp-content\/uploads\/2026\/06\/IMG_9364-768x512.jpeg 768w, https:\/\/fetrafrjes.org.br\/wp-content\/uploads\/2026\/06\/IMG_9364-1536x1024.jpeg 1536w, https:\/\/fetrafrjes.org.br\/wp-content\/uploads\/2026\/06\/IMG_9364-1200x800.jpeg 1200w, https:\/\/fetrafrjes.org.br\/wp-content\/uploads\/2026\/06\/IMG_9364-1980x1320.jpeg 1980w\" alt=\"\" width=\"2048\" height=\"1365\" \/><img decoding=\"async\" class=\"alignnone size-full wp-image-30259\" src=\"https:\/\/fetrafrjes.org.br\/wp-content\/uploads\/2026\/06\/7ed3027f-a32e-4d2d-9894-bd946ab3b1c5.jpeg\" sizes=\"(max-width: 1600px) 100vw, 1600px\" srcset=\"https:\/\/fetrafrjes.org.br\/wp-content\/uploads\/2026\/06\/7ed3027f-a32e-4d2d-9894-bd946ab3b1c5.jpeg 1600w, https:\/\/fetrafrjes.org.br\/wp-content\/uploads\/2026\/06\/7ed3027f-a32e-4d2d-9894-bd946ab3b1c5-600x400.jpeg 600w, https:\/\/fetrafrjes.org.br\/wp-content\/uploads\/2026\/06\/7ed3027f-a32e-4d2d-9894-bd946ab3b1c5-1024x682.jpeg 1024w, https:\/\/fetrafrjes.org.br\/wp-content\/uploads\/2026\/06\/7ed3027f-a32e-4d2d-9894-bd946ab3b1c5-768x512.jpeg 768w, https:\/\/fetrafrjes.org.br\/wp-content\/uploads\/2026\/06\/7ed3027f-a32e-4d2d-9894-bd946ab3b1c5-1536x1023.jpeg 1536w, https:\/\/fetrafrjes.org.br\/wp-content\/uploads\/2026\/06\/7ed3027f-a32e-4d2d-9894-bd946ab3b1c5-1200x800.jpeg 1200w\" alt=\"\" width=\"1600\" height=\"1066\" \/><img loading=\"lazy\" decoding=\"async\" class=\"alignnone size-full wp-image-30260\" src=\"https:\/\/fetrafrjes.org.br\/wp-content\/uploads\/2026\/06\/IMG_9365.jpeg\" sizes=\"(max-width: 2048px) 100vw, 2048px\" srcset=\"https:\/\/fetrafrjes.org.br\/wp-content\/uploads\/2026\/06\/IMG_9365.jpeg 2048w, https:\/\/fetrafrjes.org.br\/wp-content\/uploads\/2026\/06\/IMG_9365-600x400.jpeg 600w, https:\/\/fetrafrjes.org.br\/wp-content\/uploads\/2026\/06\/IMG_9365-1024x683.jpeg 1024w, https:\/\/fetrafrjes.org.br\/wp-content\/uploads\/2026\/06\/IMG_9365-768x512.jpeg 768w, https:\/\/fetrafrjes.org.br\/wp-content\/uploads\/2026\/06\/IMG_9365-1536x1024.jpeg 1536w, https:\/\/fetrafrjes.org.br\/wp-content\/uploads\/2026\/06\/IMG_9365-1200x800.jpeg 1200w, https:\/\/fetrafrjes.org.br\/wp-content\/uploads\/2026\/06\/IMG_9365-1980x1320.jpeg 1980w\" alt=\"\" width=\"2048\" height=\"1365\" \/><img loading=\"lazy\" decoding=\"async\" class=\"alignnone size-full wp-image-30261\" src=\"https:\/\/fetrafrjes.org.br\/wp-content\/uploads\/2026\/06\/IMG_9366.jpeg\" sizes=\"(max-width: 2048px) 100vw, 2048px\" srcset=\"https:\/\/fetrafrjes.org.br\/wp-content\/uploads\/2026\/06\/IMG_9366.jpeg 2048w, https:\/\/fetrafrjes.org.br\/wp-content\/uploads\/2026\/06\/IMG_9366-600x400.jpeg 600w, https:\/\/fetrafrjes.org.br\/wp-content\/uploads\/2026\/06\/IMG_9366-1024x683.jpeg 1024w, https:\/\/fetrafrjes.org.br\/wp-content\/uploads\/2026\/06\/IMG_9366-768x512.jpeg 768w, https:\/\/fetrafrjes.org.br\/wp-content\/uploads\/2026\/06\/IMG_9366-1536x1024.jpeg 1536w, https:\/\/fetrafrjes.org.br\/wp-content\/uploads\/2026\/06\/IMG_9366-1200x800.jpeg 1200w, https:\/\/fetrafrjes.org.br\/wp-content\/uploads\/2026\/06\/IMG_9366-1980x1320.jpeg 1980w\" alt=\"\" width=\"2048\" height=\"1365\" \/><img loading=\"lazy\" decoding=\"async\" class=\"alignnone size-full wp-image-30262\" src=\"https:\/\/fetrafrjes.org.br\/wp-content\/uploads\/2026\/06\/IMG_9367.jpeg\" sizes=\"(max-width: 2048px) 100vw, 2048px\" srcset=\"https:\/\/fetrafrjes.org.br\/wp-content\/uploads\/2026\/06\/IMG_9367.jpeg 2048w, https:\/\/fetrafrjes.org.br\/wp-content\/uploads\/2026\/06\/IMG_9367-600x400.jpeg 600w, https:\/\/fetrafrjes.org.br\/wp-content\/uploads\/2026\/06\/IMG_9367-1024x683.jpeg 1024w, https:\/\/fetrafrjes.org.br\/wp-content\/uploads\/2026\/06\/IMG_9367-768x512.jpeg 768w, https:\/\/fetrafrjes.org.br\/wp-content\/uploads\/2026\/06\/IMG_9367-1536x1024.jpeg 1536w, https:\/\/fetrafrjes.org.br\/wp-content\/uploads\/2026\/06\/IMG_9367-1200x800.jpeg 1200w, https:\/\/fetrafrjes.org.br\/wp-content\/uploads\/2026\/06\/IMG_9367-1980x1320.jpeg 1980w\" alt=\"\" width=\"2048\" height=\"1365\" \/><img loading=\"lazy\" decoding=\"async\" class=\"alignnone size-full wp-image-30263\" src=\"https:\/\/fetrafrjes.org.br\/wp-content\/uploads\/2026\/06\/IMG_9368.jpeg\" sizes=\"(max-width: 2048px) 100vw, 2048px\" srcset=\"https:\/\/fetrafrjes.org.br\/wp-content\/uploads\/2026\/06\/IMG_9368.jpeg 2048w, https:\/\/fetrafrjes.org.br\/wp-content\/uploads\/2026\/06\/IMG_9368-600x400.jpeg 600w, https:\/\/fetrafrjes.org.br\/wp-content\/uploads\/2026\/06\/IMG_9368-1024x683.jpeg 1024w, https:\/\/fetrafrjes.org.br\/wp-content\/uploads\/2026\/06\/IMG_9368-768x512.jpeg 768w, https:\/\/fetrafrjes.org.br\/wp-content\/uploads\/2026\/06\/IMG_9368-1536x1024.jpeg 1536w, https:\/\/fetrafrjes.org.br\/wp-content\/uploads\/2026\/06\/IMG_9368-1200x800.jpeg 1200w, https:\/\/fetrafrjes.org.br\/wp-content\/uploads\/2026\/06\/IMG_9368-1980x1320.jpeg 1980w\" alt=\"\" width=\"2048\" height=\"1365\" \/><img loading=\"lazy\" decoding=\"async\" class=\"alignnone size-full wp-image-30264\" src=\"https:\/\/fetrafrjes.org.br\/wp-content\/uploads\/2026\/06\/IMG_9369.jpeg\" sizes=\"(max-width: 2048px) 100vw, 2048px\" srcset=\"https:\/\/fetrafrjes.org.br\/wp-content\/uploads\/2026\/06\/IMG_9369.jpeg 2048w, https:\/\/fetrafrjes.org.br\/wp-content\/uploads\/2026\/06\/IMG_9369-600x400.jpeg 600w, https:\/\/fetrafrjes.org.br\/wp-content\/uploads\/2026\/06\/IMG_9369-1024x683.jpeg 1024w, https:\/\/fetrafrjes.org.br\/wp-content\/uploads\/2026\/06\/IMG_9369-768x512.jpeg 768w, https:\/\/fetrafrjes.org.br\/wp-content\/uploads\/2026\/06\/IMG_9369-1536x1024.jpeg 1536w, https:\/\/fetrafrjes.org.br\/wp-content\/uploads\/2026\/06\/IMG_9369-1200x800.jpeg 1200w, https:\/\/fetrafrjes.org.br\/wp-content\/uploads\/2026\/06\/IMG_9369-1980x1320.jpeg 1980w\" alt=\"\" width=\"2048\" height=\"1365\" \/><img loading=\"lazy\" decoding=\"async\" class=\"alignnone size-full wp-image-30265\" src=\"https:\/\/fetrafrjes.org.br\/wp-content\/uploads\/2026\/06\/IMG_9379.jpeg\" sizes=\"(max-width: 2048px) 100vw, 2048px\" srcset=\"https:\/\/fetrafrjes.org.br\/wp-content\/uploads\/2026\/06\/IMG_9379.jpeg 2048w, https:\/\/fetrafrjes.org.br\/wp-content\/uploads\/2026\/06\/IMG_9379-600x400.jpeg 600w, https:\/\/fetrafrjes.org.br\/wp-content\/uploads\/2026\/06\/IMG_9379-1024x683.jpeg 1024w, https:\/\/fetrafrjes.org.br\/wp-content\/uploads\/2026\/06\/IMG_9379-768x512.jpeg 768w, https:\/\/fetrafrjes.org.br\/wp-content\/uploads\/2026\/06\/IMG_9379-1536x1024.jpeg 1536w, https:\/\/fetrafrjes.org.br\/wp-content\/uploads\/2026\/06\/IMG_9379-1200x800.jpeg 1200w, https:\/\/fetrafrjes.org.br\/wp-content\/uploads\/2026\/06\/IMG_9379-1980x1320.jpeg 1980w\" alt=\"\" width=\"2048\" height=\"1365\" \/><img loading=\"lazy\" decoding=\"async\" class=\"alignnone size-full wp-image-30266\" src=\"https:\/\/fetrafrjes.org.br\/wp-content\/uploads\/2026\/06\/IMG_9378-1.jpeg\" sizes=\"(max-width: 2048px) 100vw, 2048px\" srcset=\"https:\/\/fetrafrjes.org.br\/wp-content\/uploads\/2026\/06\/IMG_9378-1.jpeg 2048w, https:\/\/fetrafrjes.org.br\/wp-content\/uploads\/2026\/06\/IMG_9378-1-600x400.jpeg 600w, https:\/\/fetrafrjes.org.br\/wp-content\/uploads\/2026\/06\/IMG_9378-1-1024x683.jpeg 1024w, https:\/\/fetrafrjes.org.br\/wp-content\/uploads\/2026\/06\/IMG_9378-1-768x512.jpeg 768w, https:\/\/fetrafrjes.org.br\/wp-content\/uploads\/2026\/06\/IMG_9378-1-1536x1024.jpeg 1536w, https:\/\/fetrafrjes.org.br\/wp-content\/uploads\/2026\/06\/IMG_9378-1-1200x800.jpeg 1200w, https:\/\/fetrafrjes.org.br\/wp-content\/uploads\/2026\/06\/IMG_9378-1-1980x1320.jpeg 1980w\" alt=\"\" width=\"2048\" height=\"1365\" \/><\/p>\n","protected":false},"excerpt":{"rendered":"<p>OComando Nacional dos Banc\u00e1rios e das Banc\u00e1rias entregou, na manh\u00e3 desta quarta-feira (24\/6), a minuta de reivindica\u00e7\u00f5es para a Federa\u00e7\u00e3o Nacional dos Bancos (Fenaban). O encontro marca oficialmente o in\u00edcio da Campanha Nacional Unificada para a reposi\u00e7\u00e3o da infla\u00e7\u00e3o, reajustes salariais e outros direitos na Conven\u00e7\u00e3o Coletiva de Trabalho (CCT), que deve ter a assinatura [&hellip;]<\/p>\n","protected":false},"author":2,"featured_media":17270,"comment_status":"","ping_status":"","sticky":false,"template":"","format":"standard","meta":{"footnotes":""},"categories":[3],"tags":[],"class_list":["post-17271","post","type-post","status-publish","format-standard","has-post-thumbnail","hentry","category-noticias"],"_links":{"self":[{"href":"https:\/\/hostnetart.com.br\/baixada\/wp-json\/wp\/v2\/posts\/17271","targetHints":{"allow":["GET"]}}],"collection":[{"href":"https:\/\/hostnetart.com.br\/baixada\/wp-json\/wp\/v2\/posts"}],"about":[{"href":"https:\/\/hostnetart.com.br\/baixada\/wp-json\/wp\/v2\/types\/post"}],"author":[{"embeddable":true,"href":"https:\/\/hostnetart.com.br\/baixada\/wp-json\/wp\/v2\/users\/2"}],"replies":[{"embeddable":true,"href":"https:\/\/hostnetart.com.br\/baixada\/wp-json\/wp\/v2\/comments?post=17271"}],"version-history":[{"count":0,"href":"https:\/\/hostnetart.com.br\/baixada\/wp-json\/wp\/v2\/posts\/17271\/revisions"}],"wp:featuredmedia":[{"embeddable":true,"href":"https:\/\/hostnetart.com.br\/baixada\/wp-json\/wp\/v2\/media\/17270"}],"wp:attachment":[{"href":"https:\/\/hostnetart.com.br\/baixada\/wp-json\/wp\/v2\/media?parent=17271"}],"wp:term":[{"taxonomy":"category","embeddable":true,"href":"https:\/\/hostnetart.com.br\/baixada\/wp-json\/wp\/v2\/categories?post=17271"},{"taxonomy":"post_tag","embeddable":true,"href":"https:\/\/hostnetart.com.br\/baixada\/wp-json\/wp\/v2\/tags?post=17271"}],"curies":[{"name":"wp","href":"https:\/\/api.w.org\/{rel}","templated":true}]}}