{"id":1727,"date":"2013-11-25T00:00:00","date_gmt":"2013-11-25T02:00:00","guid":{"rendered":"https:\/\/hostnetart.com.br\/baixada\/contraf-discute-mudancas-no-plano-de-saude-com-santander-nesta-quarta\/"},"modified":"2013-11-25T00:00:00","modified_gmt":"2013-11-25T02:00:00","slug":"contraf-discute-mudancas-no-plano-de-saude-com-santander-nesta-quarta","status":"publish","type":"post","link":"https:\/\/hostnetart.com.br\/baixada\/contraf-discute-mudancas-no-plano-de-saude-com-santander-nesta-quarta\/","title":{"rendered":"Contraf discute mudan\u00e7as no plano de sa\u00fade com Santander nesta quarta"},"content":{"rendered":"<p>A Contraf-CUT, federa\u00e7\u00f5es e sindicatos retomam nesta quarta-feira (27), \u00e0s 16 horas, o Comit\u00ea de Rela\u00e7\u00f5es Trabalhistas (CRT) com o Santander, em S\u00e3o Paulo. Um dos problemas que ser\u00e1 discutido \u00e9 a recente mudan\u00e7a unilateral no plano de sa\u00fade do Bradesco, que afeta milhares de funcion\u00e1rios do banco.<\/p>\n<p>Al\u00e9m do reajuste m\u00e9dio de 28,5%, h\u00e1 altera\u00e7\u00f5es profundas nas regras dos aposentados, cujas contribui\u00e7\u00f5es passar\u00e3o a levar em conta a faixa et\u00e1ria e ir\u00e3o quase triplicar ao final do prazo de cinco anos, o que poder\u00e1 excluir muitos trabalhadores que dedicaram toda a sua vida profissional ao banco.<\/p>\n<p>Tamb\u00e9m estar\u00e3o na pauta do CRT outras demandas, como o cumprimento da norma interna do banco de proibi\u00e7\u00e3o de metas individuais para os caixas, o fim da homologa\u00e7\u00e3o nos sindicatos por prepostos terceirizados do Santander e a retirada das a\u00e7\u00f5es judiciais movidas pelo banco contra v\u00e1rias entidades sindicais.<\/p>\n<p><strong>Emprego<\/strong><\/p>\n<p>A reuni\u00e3o com o vice-presidente s\u00eanior do Santander, respons\u00e1vel pela \u00e1rea de recursos humanos, ser\u00e1 realizada nesta quinta-feira (28), no pr\u00e9dio da Torre, a partir das 18 horas. O agendamento ocorreu em resposta \u00e0 solicita\u00e7\u00e3o das entidades sindicais de um encontro com o presidente do banco, Jes\u00fas Zabalza, diante da onda de demiss\u00f5es e da falta de funcion\u00e1rios na rede de ag\u00eancias.<\/p>\n<p>Apesar do lucro l\u00edquido de R$ 4,3 bilh\u00f5es at\u00e9 setembro deste ano, o Santander cortou 3.414 empregos no mesmo per\u00edodo, o que \u00e9 totalmente injustific\u00e1vel. S\u00f3 no terceiro trimestre a institui\u00e7\u00e3o lucrou R$ 1,4 bilh\u00e3o, mas eliminou 1.124 postos de trabalho. J\u00e1 nos \u00faltimos 12 meses, a redu\u00e7\u00e3o alcan\u00e7ou 4.542 vagas, uma queda de 8,2% no quadro de funcion\u00e1rios que fechou setembro em 50.578.<\/p>\n<p>\u201cQueremos o fim das demiss\u00f5es, da rotatividade e das terceiriza\u00e7\u00f5es, bem como a contrata\u00e7\u00e3o de mais funcion\u00e1rios para combater a sobrecarga de servi\u00e7os, o ass\u00e9dio moral e o adoecimento, a fim de melhorar as condi\u00e7\u00f5es de trabalho e o atendimento dos clientes\u201d, destaca Ademir Wiederkehr, secret\u00e1rio de Imprensa da Contraf-CUT.<\/p>\n<p>\u201cN\u00e3o \u00e9 \u00e0 toa que o Santander voltou a ocupar o primeiro lugar em outubro do ranking de reclama\u00e7\u00f5es de clientes no Banco Central, depois de ter ficado um m\u00eas em segundo lugar ap\u00f3s sete meses consecutivos na inc\u00f4moda lideran\u00e7a\u201d, destaca.<\/p>\n<p><strong>Reuni\u00e3o da COE do Santander<\/strong><\/p>\n<p>Antes do CRT, a Contraf-CUT promove nesta quarta, \u00e0s 10 horas, uma reuni\u00e3o da Comiss\u00e3o de Organiza\u00e7\u00e3o dos Empregados (COE) do Santander, no Audit\u00f3rio Amarelo do Sindicato dos Banc\u00e1rios de S\u00e3o Paulo. O objetivo \u00e9 preparar os debates com o banco.<\/p>\n<p>Fonte: Contraf-CUT<\/p>\n","protected":false},"excerpt":{"rendered":"<p>A Contraf-CUT, federa\u00e7\u00f5es e sindicatos retomam nesta quarta-feira (27), \u00e0s 16 horas, o Comit\u00ea de Rela\u00e7\u00f5es Trabalhistas (CRT) com o Santander, em S\u00e3o Paulo. Um dos problemas que ser\u00e1 discutido \u00e9 a recente mudan\u00e7a unilateral no plano de sa\u00fade do Bradesco, que afeta milhares de funcion\u00e1rios do banco. Al\u00e9m do reajuste m\u00e9dio de 28,5%, h\u00e1 [&hellip;]<\/p>\n","protected":false},"author":1,"featured_media":0,"comment_status":"","ping_status":"","sticky":false,"template":"","format":"standard","meta":{"footnotes":""},"categories":[3],"tags":[],"class_list":["post-1727","post","type-post","status-publish","format-standard","hentry","category-noticias"],"_links":{"self":[{"href":"https:\/\/hostnetart.com.br\/baixada\/wp-json\/wp\/v2\/posts\/1727","targetHints":{"allow":["GET"]}}],"collection":[{"href":"https:\/\/hostnetart.com.br\/baixada\/wp-json\/wp\/v2\/posts"}],"about":[{"href":"https:\/\/hostnetart.com.br\/baixada\/wp-json\/wp\/v2\/types\/post"}],"author":[{"embeddable":true,"href":"https:\/\/hostnetart.com.br\/baixada\/wp-json\/wp\/v2\/users\/1"}],"replies":[{"embeddable":true,"href":"https:\/\/hostnetart.com.br\/baixada\/wp-json\/wp\/v2\/comments?post=1727"}],"version-history":[{"count":0,"href":"https:\/\/hostnetart.com.br\/baixada\/wp-json\/wp\/v2\/posts\/1727\/revisions"}],"wp:attachment":[{"href":"https:\/\/hostnetart.com.br\/baixada\/wp-json\/wp\/v2\/media?parent=1727"}],"wp:term":[{"taxonomy":"category","embeddable":true,"href":"https:\/\/hostnetart.com.br\/baixada\/wp-json\/wp\/v2\/categories?post=1727"},{"taxonomy":"post_tag","embeddable":true,"href":"https:\/\/hostnetart.com.br\/baixada\/wp-json\/wp\/v2\/tags?post=1727"}],"curies":[{"name":"wp","href":"https:\/\/api.w.org\/{rel}","templated":true}]}}