{"id":17267,"date":"2026-06-24T12:58:28","date_gmt":"2026-06-24T15:58:28","guid":{"rendered":"https:\/\/hostnetart.com.br\/baixada\/bancarios-aprovam-minuta-de-reivindicacoes-para-a-campanha-nacional-unificada-2026\/"},"modified":"2026-06-24T12:58:28","modified_gmt":"2026-06-24T15:58:28","slug":"bancarios-aprovam-minuta-de-reivindicacoes-para-a-campanha-nacional-unificada-2026","status":"publish","type":"post","link":"https:\/\/hostnetart.com.br\/baixada\/bancarios-aprovam-minuta-de-reivindicacoes-para-a-campanha-nacional-unificada-2026\/","title":{"rendered":"Banc\u00e1rios aprovam minuta de reivindica\u00e7\u00f5es para a Campanha Nacional Unificada 2026"},"content":{"rendered":"<p>Banc\u00e1rias e banc\u00e1rios da Baixada Fluminense e de todo o pa\u00eds, aprovaram a minuta de reivindica\u00e7\u00f5es da Campanha Nacional Unificada 2026 para a renova\u00e7\u00e3o da Conven\u00e7\u00e3o Coletiva de Trabalho (CCT) da categoria, em assembleias realizadas nesta ter\u00e7a-feira, 23 de junho.<\/p>\n<p>Na\u00a0Baixada, a aprova\u00e7\u00e3o foi de 94,53%.<\/p>\n<p>A minuta \u00e9 o resultado de debates da 28\u00aa Confer\u00eancia Nacional dos Banc\u00e1rios e Banc\u00e1rias que, por sua vez, foi alimentada com as demandas vindas de confer\u00eancias regionais e estaduais.<\/p>\n<p>A Consulta Nacional da categoria, que neste ano contou com a participa\u00e7\u00e3o recorde de 54.952 respondentes, tamb\u00e9m contribuiu para a edi\u00e7\u00e3o final do documento que ser\u00e1 entregue pelo Comando Nacional dos Banc\u00e1rios e das Banc\u00e1rias \u00e0 Federa\u00e7\u00e3o Nacional dos Bancos (Fenaban) nesta quarta-feira (24).<\/p>\n<p>&#8220;A partir desse ato oficial, ambas as partes definir\u00e3o a agenda das mesas de negocia\u00e7\u00e3o para reposi\u00e7\u00e3o da infla\u00e7\u00e3o, reajustes salariais e outros direitos na Conven\u00e7\u00e3o Coletiva, que deve ter a assinatura renovada at\u00e9 a v\u00e9spera da data-base da categoria, em 1\u00ba de setembro&#8221;, explica Juvandia Moreira, coordenadora do Comando Nacional. &#8220;A unidade da categoria, que foi fundamental para a consolida\u00e7\u00e3o da minuta de reivindica\u00e7\u00f5es, continuar\u00e1 como um valor important\u00edssimo para que, nesta pr\u00f3xima fase de negocia\u00e7\u00f5es, a gente mantenha as cl\u00e1usulas j\u00e1 conquistadas e avance em novos direitos&#8221;, completa a dirigente, que tamb\u00e9m \u00e9 presidenta da Confedera\u00e7\u00e3o Nacional das Trabalhadoras e dos Trabalhadores do Ramo Financeiro (Contraf-CUT).<\/p>\n<p>A seguir, os principais eixos da pauta de reivindica\u00e7\u00f5es que ser\u00e1 entregue \u00e0 Fenaban:<\/p>\n<p>&#8211; 5% de aumento real no sal\u00e1rio e nas demais verbas, como PLR, VA e VR;<br \/>&#8211; Fim das metas abusivas;<br \/>&#8211; Manuten\u00e7\u00e3o do formato atual da PLR (percentual do sal\u00e1rio mais parcela fixa e adicional);<br \/>&#8211; Manuten\u00e7\u00e3o dos direitos conquistados;<br \/>&#8211; Manuten\u00e7\u00e3o da mesa \u00fanica, da CCT para toda a categoria e dos direitos j\u00e1 conquistados;<br \/>&#8211; Defesa do emprego banc\u00e1rio;<br \/>&#8211; Defesa dos bancos p\u00fablicos;<br \/>&#8211; Distribui\u00e7\u00e3o melhor dos ganhos da tecnologia, com o fim do monitoramento excessivo no teletrabalho, preservando a privacidade do banc\u00e1rio.<\/p>\n<p>Juvandia refor\u00e7a que o cen\u00e1rio em que essa campanha acontece \u00e9 desafiador. \u201cEstamos em meio a uma grande reestrutura\u00e7\u00e3o do sistema financeiro, em decorr\u00eancia de avan\u00e7os tecnol\u00f3gicos e da entrada e fortalecimento de novos atores (fintechs, institui\u00e7\u00f5es de pagamento e cooperativas). Esses s\u00e3o fatores que os bancos est\u00e3o usando para justificar o fechamento de ag\u00eancias e a redu\u00e7\u00e3o de postos de trabalho. Mas, com o aux\u00edlio t\u00e9cnico do Dieese, n\u00f3s constru\u00edmos uma pauta de reivindica\u00e7\u00f5es bastante consistente para defender o emprego banc\u00e1rio e ampliar as conquistas sociais e econ\u00f4micas da categoria\u201d, destaca.<\/p>\n<p>A dirigente explica ainda que a reestrutura\u00e7\u00e3o resultante de um ambiente de maior competitividade e avan\u00e7os tecnol\u00f3gicos n\u00e3o est\u00e1 trazendo preju\u00edzos aos bancos. \u201cPelo contr\u00e1rio, os bancos continuam registrando lucros extraordin\u00e1rios. Ent\u00e3o, a luta da categoria banc\u00e1ria por valoriza\u00e7\u00e3o profissional e reposi\u00e7\u00e3o de perdas inflacion\u00e1rias \u00e9 uma luta de distribui\u00e7\u00e3o dos lucros multibilion\u00e1rios do setor, para que os bancos assumam suas responsabilidades sociais contra a concentra\u00e7\u00e3o de renda e em favor do fim das desigualdades\u201d, pontua Juvandia Moreira.<\/p>\n<p>*<i>com informa\u00e7\u00f5es da Contraf-CUT<\/i><\/p>\n","protected":false},"excerpt":{"rendered":"<p>Banc\u00e1rias e banc\u00e1rios da Baixada Fluminense e de todo o pa\u00eds, aprovaram a minuta de reivindica\u00e7\u00f5es da Campanha Nacional Unificada 2026 para a renova\u00e7\u00e3o da Conven\u00e7\u00e3o Coletiva de Trabalho (CCT) da categoria, em assembleias realizadas nesta ter\u00e7a-feira, 23 de junho. Na\u00a0Baixada, a aprova\u00e7\u00e3o foi de 94,53%. A minuta \u00e9 o resultado de debates da 28\u00aa [&hellip;]<\/p>\n","protected":false},"author":2,"featured_media":17266,"comment_status":"","ping_status":"","sticky":false,"template":"","format":"standard","meta":{"footnotes":""},"categories":[3],"tags":[],"class_list":["post-17267","post","type-post","status-publish","format-standard","has-post-thumbnail","hentry","category-noticias"],"_links":{"self":[{"href":"https:\/\/hostnetart.com.br\/baixada\/wp-json\/wp\/v2\/posts\/17267","targetHints":{"allow":["GET"]}}],"collection":[{"href":"https:\/\/hostnetart.com.br\/baixada\/wp-json\/wp\/v2\/posts"}],"about":[{"href":"https:\/\/hostnetart.com.br\/baixada\/wp-json\/wp\/v2\/types\/post"}],"author":[{"embeddable":true,"href":"https:\/\/hostnetart.com.br\/baixada\/wp-json\/wp\/v2\/users\/2"}],"replies":[{"embeddable":true,"href":"https:\/\/hostnetart.com.br\/baixada\/wp-json\/wp\/v2\/comments?post=17267"}],"version-history":[{"count":0,"href":"https:\/\/hostnetart.com.br\/baixada\/wp-json\/wp\/v2\/posts\/17267\/revisions"}],"wp:featuredmedia":[{"embeddable":true,"href":"https:\/\/hostnetart.com.br\/baixada\/wp-json\/wp\/v2\/media\/17266"}],"wp:attachment":[{"href":"https:\/\/hostnetart.com.br\/baixada\/wp-json\/wp\/v2\/media?parent=17267"}],"wp:term":[{"taxonomy":"category","embeddable":true,"href":"https:\/\/hostnetart.com.br\/baixada\/wp-json\/wp\/v2\/categories?post=17267"},{"taxonomy":"post_tag","embeddable":true,"href":"https:\/\/hostnetart.com.br\/baixada\/wp-json\/wp\/v2\/tags?post=17267"}],"curies":[{"name":"wp","href":"https:\/\/api.w.org\/{rel}","templated":true}]}}