{"id":17255,"date":"2026-06-22T13:30:11","date_gmt":"2026-06-22T16:30:11","guid":{"rendered":"https:\/\/hostnetart.com.br\/baixada\/sindicato-realiza-assembleia-no-dia-23-de-junho\/"},"modified":"2026-06-22T13:30:11","modified_gmt":"2026-06-22T16:30:11","slug":"sindicato-realiza-assembleia-no-dia-23-de-junho","status":"publish","type":"post","link":"https:\/\/hostnetart.com.br\/baixada\/sindicato-realiza-assembleia-no-dia-23-de-junho\/","title":{"rendered":"Sindicato realiza assembleia no dia 23 de junho"},"content":{"rendered":"<p>Nesta ter\u00e7a-feira, dia 23 de junho, banc\u00e1rias e banc\u00e1rios, s\u00f3cios e n\u00e3o s\u00f3cios, da base territorial do Sindicato dos Banc\u00e1rios da Baixada Fluminense, participar\u00e3o de assembleia para deliberar sobre as seguintes pautas:<\/p>\n<p>1. Autorizar a diretoria do Sindicato a negociar e celebrar Conven\u00e7\u00e3o Coletiva de Trabalho, Conven\u00e7\u00e3o Coletiva sobre Participa\u00e7\u00e3o dos Empregados nos Lucros e\/ou Resultados dos Bancos, Conven\u00e7\u00e3o Coletiva de Trabalho de Autorregula\u00e7\u00e3o Sindical Nacional do Setor Banc\u00e1rio, Conven\u00e7\u00e3o Coletiva de Trabalho sobre Cooperativas e Acordos Coletivos de Trabalho aditivos \u00e0 CCT e, frustradas as negocia\u00e7\u00f5es, defender-se e\/ou instaurar diss\u00eddio coletivo de trabalho, bem como delegar poderes para tanto;<\/p>\n<p>2. Deliberar sobre aprova\u00e7\u00e3o da minuta de pr\u00e9-acordo de negocia\u00e7\u00e3o e minuta da Pauta de Reivindica\u00e7\u00f5es da categoria banc\u00e1ria, data-base 1\u00ba de setembro, definidas na 28\u00aa Confer\u00eancia Nacional dos Banc\u00e1rios que inclui desconto a ser feito nos sal\u00e1rios dos empregados em raz\u00e3o da contrata\u00e7\u00e3o a ser realizada (contribui\u00e7\u00e3o negocial).<\/p>\n<p>Haver\u00e1 uma plen\u00e1ria presencial na Sede do Sindicato (Rua Professor Henrique Ferreira Gomes, 179 &#8211; Centro \/ Duque de Caxias), das 1&amp; horas \u00e0s 19 horas.<\/p>\n<p>E a vota\u00e7\u00e3o virtual ocorrer\u00e1 das 19 horas at\u00e9 \u00e0s 23h59.<\/p>\n<\/p>\n<p><b>PARA VOTAR<\/b><\/p>\n<div class=\"itemFullText\">\n<p>Para votar e participar, basta acessar o link de vota\u00e7\u00e3o:\u00a0<a href=\"https:\/\/bancarios.votabem.com.br\/\">https:\/\/bancarios.votabem.com.br\/<\/a><\/p>\n<p>O link estar\u00e1, tamb\u00e9m, dispon\u00edvel em nosso site (<a href=\"http:\/\/www.bancariosbaixada.org.br\/\">http:\/\/www.bancariosbaixada.org.br<\/a>)<\/p>\n<p><strong>IMPORTANTE<\/strong><\/p>\n<p>O Sindicato indica a aprova\u00e7\u00e3o das pautas.<\/p>\n<\/div>\n","protected":false},"excerpt":{"rendered":"<p>Nesta ter\u00e7a-feira, dia 23 de junho, banc\u00e1rias e banc\u00e1rios, s\u00f3cios e n\u00e3o s\u00f3cios, da base territorial do Sindicato dos Banc\u00e1rios da Baixada Fluminense, participar\u00e3o de assembleia para deliberar sobre as seguintes pautas: 1. Autorizar a diretoria do Sindicato a negociar e celebrar Conven\u00e7\u00e3o Coletiva de Trabalho, Conven\u00e7\u00e3o Coletiva sobre Participa\u00e7\u00e3o dos Empregados nos Lucros e\/ou [&hellip;]<\/p>\n","protected":false},"author":2,"featured_media":17254,"comment_status":"","ping_status":"","sticky":false,"template":"","format":"standard","meta":{"footnotes":""},"categories":[3],"tags":[],"class_list":["post-17255","post","type-post","status-publish","format-standard","has-post-thumbnail","hentry","category-noticias"],"_links":{"self":[{"href":"https:\/\/hostnetart.com.br\/baixada\/wp-json\/wp\/v2\/posts\/17255","targetHints":{"allow":["GET"]}}],"collection":[{"href":"https:\/\/hostnetart.com.br\/baixada\/wp-json\/wp\/v2\/posts"}],"about":[{"href":"https:\/\/hostnetart.com.br\/baixada\/wp-json\/wp\/v2\/types\/post"}],"author":[{"embeddable":true,"href":"https:\/\/hostnetart.com.br\/baixada\/wp-json\/wp\/v2\/users\/2"}],"replies":[{"embeddable":true,"href":"https:\/\/hostnetart.com.br\/baixada\/wp-json\/wp\/v2\/comments?post=17255"}],"version-history":[{"count":0,"href":"https:\/\/hostnetart.com.br\/baixada\/wp-json\/wp\/v2\/posts\/17255\/revisions"}],"wp:featuredmedia":[{"embeddable":true,"href":"https:\/\/hostnetart.com.br\/baixada\/wp-json\/wp\/v2\/media\/17254"}],"wp:attachment":[{"href":"https:\/\/hostnetart.com.br\/baixada\/wp-json\/wp\/v2\/media?parent=17255"}],"wp:term":[{"taxonomy":"category","embeddable":true,"href":"https:\/\/hostnetart.com.br\/baixada\/wp-json\/wp\/v2\/categories?post=17255"},{"taxonomy":"post_tag","embeddable":true,"href":"https:\/\/hostnetart.com.br\/baixada\/wp-json\/wp\/v2\/tags?post=17255"}],"curies":[{"name":"wp","href":"https:\/\/api.w.org\/{rel}","templated":true}]}}