{"id":17251,"date":"2026-06-19T16:22:28","date_gmt":"2026-06-19T19:22:28","guid":{"rendered":"https:\/\/hostnetart.com.br\/baixada\/plenaria-final-do-36-cnfbb-trabalhadores-definem-eixos-de-luta-em-defesa-do-bb-da-cassi-e-da-previ\/"},"modified":"2026-06-19T16:22:28","modified_gmt":"2026-06-19T19:22:28","slug":"plenaria-final-do-36-cnfbb-trabalhadores-definem-eixos-de-luta-em-defesa-do-bb-da-cassi-e-da-previ","status":"publish","type":"post","link":"https:\/\/hostnetart.com.br\/baixada\/plenaria-final-do-36-cnfbb-trabalhadores-definem-eixos-de-luta-em-defesa-do-bb-da-cassi-e-da-previ\/","title":{"rendered":"Plen\u00e1ria final do 36\u00ba CNFBB: trabalhadores definem eixos de luta em defesa do BB, da Cassi e da Previ"},"content":{"rendered":"<p>Nesta sexta-feira (19), \u00faltimo e terceiro dia atividades do 36\u00ba Congresso Nacional dos Funcion\u00e1rios e das Funcion\u00e1rias do Banco do Brasil (CNFBB), cerca de 280 delegados e delegadas, representantes de trabalhadores do BB de todo o pa\u00eds, aprovaram os eixos tem\u00e1ticos que ir\u00e3o nortear a pauta de reivindica\u00e7\u00f5es na campanha deste ano por melhores condi\u00e7\u00f5es de trabalho.<\/p>\n<p>&#8220;Os principais pontos da minuta de reivindica\u00e7\u00f5es que aprovamos hoje foram em torno dos quatro eixos condi\u00e7\u00f5es de trabalho, previd\u00eancia, remunera\u00e7\u00e3o e sa\u00fade, com o foco na defesa da Cassi para todos e todas e na defesa do papel do Banco do Brasil como banco p\u00fablico. A gente n\u00e3o pode permitir colegas adoecendo no ambiente de trabalho&#8221;, destacou Fernanda Lopes, coordenadora da Comiss\u00e3o de Empresa das Funcion\u00e1rias e dos Funcion\u00e1rios do Banco do Brasil (CEBB).<\/p>\n<p>&#8220;Foram tr\u00eas dias muito importantes, ricos em debates sobre condi\u00e7\u00f5es de trabalho, sa\u00fade e previd\u00eancia. O funcionalismo do BB sai daqui bem mais fortalecido para esta campanha, que ser\u00e1 especialmente desafiadora neste ano&#8221;, completou a dirigente.<\/p>\n<p>A mesa da plen\u00e1ria final para a vota\u00e7\u00e3o dos eixos da pauta de reivindica\u00e7\u00f5es, foi coordenada por pelo secret\u00e1rio-geral da Contraf-CUT, Gustavo Tabatinga Jr., e pelo representante da FEEB-Bahia e Sergipe na CEBB, Fabio Santana Santos.<\/p>\n<p>A mesa foi formada pela representante da Fetraf Rio de Janeiro e Esp\u00edrito Santo na CEBB, Bethania Franco Emerick, do representante da Fetrafi Santa Catarina na CEBB, Marcelo Reclinde de Souza Peres, e da representante da FEEB S\u00e3o Paulo e Mato Grosso do Sul na CEBB, Maria Aparecida da Silva.<\/p>\n<p>A minuta de reivindica\u00e7\u00f5es ser\u00e1 entregue no dia 24 de junho, pela CEBB, ao Banco do Brasil. Em seguida, as duas partes ir\u00e3o definir o calend\u00e1rio de in\u00edcio das mesas de negocia\u00e7\u00e3o.<\/p>\n<p>Mo\u00e7\u00f5es aprovadas<\/p>\n<p>Os cerca de 280 delegados e delegadas presentes tamb\u00e9m aprovaram hoje tr\u00eas mo\u00e7\u00f5es. A primeira foi pela abertura de uma unidade de atendimento ambulatorial da Cassi no Edif\u00edcio Sedan, destinada ao atendimento de associados do Banco do Brasil na regi\u00e3o central da capital carioca.<\/p>\n<p>\u201cA abertura desta unidade se faz necess\u00e1ria, uma vez que fechamento da CliniCassi Centro, al\u00e9m de deixar desassistidos os que a utilizavam, sobrecarregou o atendimento da CliniCassi Tijuca\u201d, destaca trecho do texto aprovado no Congresso e que ser\u00e1 encaminhado \u00e0 administra\u00e7\u00e3o da Cassi.<\/p>\n<p>A segunda mo\u00e7\u00e3o foi em solidariedade a Z\u00e9 Maria, condenado injustamente a dois anos de pris\u00e3o pelo crime de &#8220;racismo&#8221; por um discurso que fez em defesa do povo palestino. &#8220;Uma s\u00e9rie de entidades j\u00e1 fizeram mo\u00e7\u00f5es e se pronunciaram em solidariedade a Z\u00e9 Maria, como CUT, CTB, Intersindical, CSPConlutas, Funda\u00e7\u00e3o Perseu Abramo, Funda\u00e7\u00e3o Lauro Campos, entre outras entidades e centrais sindicais&#8221;, destaca um dos trechos do texto aprovado.<\/p>\n<p>Por fim, a terceira mo\u00e7\u00e3o aprovada foi em solidariedade ao povo boliviano e \u00e0 Cuba, em decorr\u00eancia das interven\u00e7\u00f5es norte-americanas em ambos os pa\u00edses.<\/p>\n<p><em>Fonte: Contraf-CUT<\/em><\/p>\n","protected":false},"excerpt":{"rendered":"<p>Nesta sexta-feira (19), \u00faltimo e terceiro dia atividades do 36\u00ba Congresso Nacional dos Funcion\u00e1rios e das Funcion\u00e1rias do Banco do Brasil (CNFBB), cerca de 280 delegados e delegadas, representantes de trabalhadores do BB de todo o pa\u00eds, aprovaram os eixos tem\u00e1ticos que ir\u00e3o nortear a pauta de reivindica\u00e7\u00f5es na campanha deste ano por melhores condi\u00e7\u00f5es [&hellip;]<\/p>\n","protected":false},"author":2,"featured_media":17250,"comment_status":"","ping_status":"","sticky":false,"template":"","format":"standard","meta":{"footnotes":""},"categories":[3],"tags":[],"class_list":["post-17251","post","type-post","status-publish","format-standard","has-post-thumbnail","hentry","category-noticias"],"_links":{"self":[{"href":"https:\/\/hostnetart.com.br\/baixada\/wp-json\/wp\/v2\/posts\/17251","targetHints":{"allow":["GET"]}}],"collection":[{"href":"https:\/\/hostnetart.com.br\/baixada\/wp-json\/wp\/v2\/posts"}],"about":[{"href":"https:\/\/hostnetart.com.br\/baixada\/wp-json\/wp\/v2\/types\/post"}],"author":[{"embeddable":true,"href":"https:\/\/hostnetart.com.br\/baixada\/wp-json\/wp\/v2\/users\/2"}],"replies":[{"embeddable":true,"href":"https:\/\/hostnetart.com.br\/baixada\/wp-json\/wp\/v2\/comments?post=17251"}],"version-history":[{"count":0,"href":"https:\/\/hostnetart.com.br\/baixada\/wp-json\/wp\/v2\/posts\/17251\/revisions"}],"wp:featuredmedia":[{"embeddable":true,"href":"https:\/\/hostnetart.com.br\/baixada\/wp-json\/wp\/v2\/media\/17250"}],"wp:attachment":[{"href":"https:\/\/hostnetart.com.br\/baixada\/wp-json\/wp\/v2\/media?parent=17251"}],"wp:term":[{"taxonomy":"category","embeddable":true,"href":"https:\/\/hostnetart.com.br\/baixada\/wp-json\/wp\/v2\/categories?post=17251"},{"taxonomy":"post_tag","embeddable":true,"href":"https:\/\/hostnetart.com.br\/baixada\/wp-json\/wp\/v2\/tags?post=17251"}],"curies":[{"name":"wp","href":"https:\/\/api.w.org\/{rel}","templated":true}]}}