{"id":17249,"date":"2026-06-19T16:20:48","date_gmt":"2026-06-19T19:20:48","guid":{"rendered":"https:\/\/hostnetart.com.br\/baixada\/28-conferencia-nacional-dos-bancarios-comeca-nesta-sexta-19\/"},"modified":"2026-06-19T16:20:48","modified_gmt":"2026-06-19T19:20:48","slug":"28-conferencia-nacional-dos-bancarios-comeca-nesta-sexta-19","status":"publish","type":"post","link":"https:\/\/hostnetart.com.br\/baixada\/28-conferencia-nacional-dos-bancarios-comeca-nesta-sexta-19\/","title":{"rendered":"28\u00aa Confer\u00eancia Nacional dos Banc\u00e1rios come\u00e7a nesta sexta (19)"},"content":{"rendered":"<p>Nesta sexta-feira (19), cerca de 800 delegados e delegadas, representantes da categoria em todo o pa\u00eds, participam da abertura solene da 28\u00aa Confer\u00eancia Nacional dos Banc\u00e1rios, realizada a partir das 17h, no Holiday Inn Parque Anhembi, em S\u00e3o Paulo.<\/p>\n<p>O evento seguir\u00e1 com atividades at\u00e9 domingo, em S\u00e3o Paulo, onde os representantes de banc\u00e1rios e banc\u00e1rias de norte a sul ir\u00e3o definir a pauta de reivindica\u00e7\u00f5es da Campanha Nacional Unificada, que ser\u00e1 entregue dia 24 de junho pelo Comando Nacional dos Banc\u00e1rios aos representantes da Federa\u00e7\u00e3o Nacional dos Bancos (Fenaban).<\/p>\n<p><em>Fonte: Contraf-CUT<\/em><\/p>\n","protected":false},"excerpt":{"rendered":"<p>Nesta sexta-feira (19), cerca de 800 delegados e delegadas, representantes da categoria em todo o pa\u00eds, participam da abertura solene da 28\u00aa Confer\u00eancia Nacional dos Banc\u00e1rios, realizada a partir das 17h, no Holiday Inn Parque Anhembi, em S\u00e3o Paulo. O evento seguir\u00e1 com atividades at\u00e9 domingo, em S\u00e3o Paulo, onde os representantes de banc\u00e1rios e [&hellip;]<\/p>\n","protected":false},"author":2,"featured_media":17248,"comment_status":"","ping_status":"","sticky":false,"template":"","format":"standard","meta":{"footnotes":""},"categories":[3],"tags":[],"class_list":["post-17249","post","type-post","status-publish","format-standard","has-post-thumbnail","hentry","category-noticias"],"_links":{"self":[{"href":"https:\/\/hostnetart.com.br\/baixada\/wp-json\/wp\/v2\/posts\/17249","targetHints":{"allow":["GET"]}}],"collection":[{"href":"https:\/\/hostnetart.com.br\/baixada\/wp-json\/wp\/v2\/posts"}],"about":[{"href":"https:\/\/hostnetart.com.br\/baixada\/wp-json\/wp\/v2\/types\/post"}],"author":[{"embeddable":true,"href":"https:\/\/hostnetart.com.br\/baixada\/wp-json\/wp\/v2\/users\/2"}],"replies":[{"embeddable":true,"href":"https:\/\/hostnetart.com.br\/baixada\/wp-json\/wp\/v2\/comments?post=17249"}],"version-history":[{"count":0,"href":"https:\/\/hostnetart.com.br\/baixada\/wp-json\/wp\/v2\/posts\/17249\/revisions"}],"wp:featuredmedia":[{"embeddable":true,"href":"https:\/\/hostnetart.com.br\/baixada\/wp-json\/wp\/v2\/media\/17248"}],"wp:attachment":[{"href":"https:\/\/hostnetart.com.br\/baixada\/wp-json\/wp\/v2\/media?parent=17249"}],"wp:term":[{"taxonomy":"category","embeddable":true,"href":"https:\/\/hostnetart.com.br\/baixada\/wp-json\/wp\/v2\/categories?post=17249"},{"taxonomy":"post_tag","embeddable":true,"href":"https:\/\/hostnetart.com.br\/baixada\/wp-json\/wp\/v2\/tags?post=17249"}],"curies":[{"name":"wp","href":"https:\/\/api.w.org\/{rel}","templated":true}]}}