{"id":17247,"date":"2026-06-19T16:18:58","date_gmt":"2026-06-19T19:18:58","guid":{"rendered":"https:\/\/hostnetart.com.br\/baixada\/encontro-nacional-dos-funcionarios-do-bradesco-sera-realizado-nesta-sexta-feira-19-em-sao-paulo\/"},"modified":"2026-06-19T16:18:58","modified_gmt":"2026-06-19T19:18:58","slug":"encontro-nacional-dos-funcionarios-do-bradesco-sera-realizado-nesta-sexta-feira-19-em-sao-paulo","status":"publish","type":"post","link":"https:\/\/hostnetart.com.br\/baixada\/encontro-nacional-dos-funcionarios-do-bradesco-sera-realizado-nesta-sexta-feira-19-em-sao-paulo\/","title":{"rendered":"Encontro Nacional dos Funcion\u00e1rios do Bradesco ser\u00e1 realizado nesta sexta-feira (19) em S\u00e3o Paulo"},"content":{"rendered":"<p>Dirigentes sindicais e representantes dos trabalhadores de todo o pa\u00eds participam nesta sexta-feira (19), em S\u00e3o Paulo, do Encontro Nacional dos Funcion\u00e1rios do Bradesco. Realizado no Hotel Holiday Inn Parque Anhembi, o encontro ser\u00e1 um espa\u00e7o de an\u00e1lise da conjuntura, debate sobre a Campanha Nacional dos Banc\u00e1rios 2026\/2028 e constru\u00e7\u00e3o das reivindica\u00e7\u00f5es espec\u00edficas dos empregados do banco.<\/p>\n<p>A programa\u00e7\u00e3o ter\u00e1 in\u00edcio \u00e0s 8h, com o credenciamento dos participantes. \u00c0s 9h, a abertura ser\u00e1 conduzida pela Comiss\u00e3o de Organiza\u00e7\u00e3o dos Empregados (COE) do Bradesco, seguida da sauda\u00e7\u00e3o dos banc\u00e1rios e representantes do Comando Nacional dos Banc\u00e1rios.<\/p>\n<p>A primeira mesa do dia, \u00e0s 9h30, contar\u00e1 com a presidenta da Contraf-CUT e coordenadora do Comando Nacional, Juvandia Moreira, que far\u00e1 uma an\u00e1lise sobre a import\u00e2ncia das elei\u00e7\u00f5es de 2026 para a classe trabalhadora. Na sequ\u00eancia, \u00e0s 10h30, a presidenta do Sindicato dos Banc\u00e1rios de S\u00e3o Paulo, Osasco e Regi\u00e3o e coordenadora do Comando Nacional, Neiva Ribeiro, abordar\u00e1 os desafios da Campanha Nacional dos Banc\u00e1rios diante do atual cen\u00e1rio econ\u00f4mico e pol\u00edtico.<\/p>\n<p>\u00c0s 11h30, o economista do Dieese Gustavo Cavarzan apresentar\u00e1 um painel sobre os n\u00fameros do Bradesco, trazendo elementos para subsidiar os debates da categoria. Ap\u00f3s o almo\u00e7o, os participantes se dedicar\u00e3o \u00e0 revis\u00e3o da minuta espec\u00edfica de reivindica\u00e7\u00f5es dos funcion\u00e1rios do banco, antes dos encaminhamentos e do encerramento das atividades.<\/p>\n<p>A coordenadora da COE Bradesco, Erica de Oliveira destacou a import\u00e2ncia do encontro para a constru\u00e7\u00e3o da pauta nacional e para o fortalecimento da unidade dos trabalhadores. \u201cEsperamos, com esse dia intenso, dar a nossa contribui\u00e7\u00e3o para a Confer\u00eancia Nacional e para a Campanha Nacional dos Banc\u00e1rios. Todos temos nossas particularidades, mas tamb\u00e9m temos muitos problemas em comum. Trabalhando de maneira unificada, temos mais chances de reverter os problemas comuns a todos de maneira mais efetiva\u201d, afirmou.<\/p>\n<p>Segundo Erica, al\u00e9m das demandas espec\u00edficas dos funcion\u00e1rios do Bradesco, o encontro ser\u00e1 uma oportunidade para fortalecer a mobiliza\u00e7\u00e3o em torno da Campanha Nacional. \u201c\u00c9 fundamental que os trabalhadores do Bradesco estejam organizados e preparados para os desafios que teremos pela frente. A constru\u00e7\u00e3o coletiva das reivindica\u00e7\u00f5es e a unidade da categoria s\u00e3o elementos essenciais para avan\u00e7armos na defesa dos direitos e na conquista de novas melhorias\u201d, ressaltou.<\/p>\n<h2><strong>Programa\u00e7\u00e3o<\/strong><\/h2>\n<p><strong>19 de junho<\/strong><\/p>\n<ul data-spread=\"true\">\n<li><strong>8h<\/strong>\u00a0\u2013 Credenciamento<\/li>\n<li><strong>9h<\/strong>\u00a0\u2013 Abertura\n<ul data-spread=\"false\">\n<li>Coordena\u00e7\u00e3o da COE Bradesco<\/li>\n<li>Sauda\u00e7\u00e3o dos representantes das federa\u00e7\u00f5es<\/li>\n<\/ul>\n<\/li>\n<li><strong>9h30<\/strong>\u00a0\u2013 Mesa de an\u00e1lise de conjuntura\n<ul data-spread=\"false\">\n<li><em>A import\u00e2ncia das elei\u00e7\u00f5es de 2026 para a classe trabalhadora<\/em><\/li>\n<li>Expositora:\u00a0<strong>Juvandia Moreira<\/strong><\/li>\n<\/ul>\n<\/li>\n<li><strong>10h30<\/strong>\u00a0\u2013 Campanha Nacional dos Banc\u00e1rios 2026\/2028\n<ul data-spread=\"false\">\n<li><em>Os desafios da Campanha Nacional na atual conjuntura<\/em><\/li>\n<li>Expositora:\u00a0<strong>Neiva Ribeiro<\/strong><\/li>\n<\/ul>\n<\/li>\n<li><strong>11h30<\/strong>\u00a0\u2013 Painel: An\u00e1lise dos n\u00fameros do Banco Bradesco\n<ul data-spread=\"false\">\n<li>Expositor:\u00a0<strong>Gustavo Cavarzan<\/strong><\/li>\n<\/ul>\n<\/li>\n<li><strong>12h30 \u00e0s 14h<\/strong>\u00a0\u2013 Almo\u00e7o<\/li>\n<li><strong>14h<\/strong>\u00a0\u2013 Revis\u00e3o da Minuta Espec\u00edfica do Bradesco<\/li>\n<li><strong>16h<\/strong>\u00a0\u2013 Encaminhamentos e encerramento<\/li>\n<\/ul>\n<p>O Encontro Nacional dos Funcion\u00e1rios do Bradesco integra o calend\u00e1rio preparat\u00f3rio da 28\u00aa Confer\u00eancia Nacional dos Banc\u00e1rios e da Campanha Nacional 2026, que definir\u00e1 as prioridades da categoria para os pr\u00f3ximos dois anos.<\/p>\n<p><em>Fonte: Contraf-CUT<\/em><\/p>\n","protected":false},"excerpt":{"rendered":"<p>Dirigentes sindicais e representantes dos trabalhadores de todo o pa\u00eds participam nesta sexta-feira (19), em S\u00e3o Paulo, do Encontro Nacional dos Funcion\u00e1rios do Bradesco. Realizado no Hotel Holiday Inn Parque Anhembi, o encontro ser\u00e1 um espa\u00e7o de an\u00e1lise da conjuntura, debate sobre a Campanha Nacional dos Banc\u00e1rios 2026\/2028 e constru\u00e7\u00e3o das reivindica\u00e7\u00f5es espec\u00edficas dos empregados [&hellip;]<\/p>\n","protected":false},"author":2,"featured_media":17246,"comment_status":"","ping_status":"","sticky":false,"template":"","format":"standard","meta":{"footnotes":""},"categories":[3],"tags":[],"class_list":["post-17247","post","type-post","status-publish","format-standard","has-post-thumbnail","hentry","category-noticias"],"_links":{"self":[{"href":"https:\/\/hostnetart.com.br\/baixada\/wp-json\/wp\/v2\/posts\/17247","targetHints":{"allow":["GET"]}}],"collection":[{"href":"https:\/\/hostnetart.com.br\/baixada\/wp-json\/wp\/v2\/posts"}],"about":[{"href":"https:\/\/hostnetart.com.br\/baixada\/wp-json\/wp\/v2\/types\/post"}],"author":[{"embeddable":true,"href":"https:\/\/hostnetart.com.br\/baixada\/wp-json\/wp\/v2\/users\/2"}],"replies":[{"embeddable":true,"href":"https:\/\/hostnetart.com.br\/baixada\/wp-json\/wp\/v2\/comments?post=17247"}],"version-history":[{"count":0,"href":"https:\/\/hostnetart.com.br\/baixada\/wp-json\/wp\/v2\/posts\/17247\/revisions"}],"wp:featuredmedia":[{"embeddable":true,"href":"https:\/\/hostnetart.com.br\/baixada\/wp-json\/wp\/v2\/media\/17246"}],"wp:attachment":[{"href":"https:\/\/hostnetart.com.br\/baixada\/wp-json\/wp\/v2\/media?parent=17247"}],"wp:term":[{"taxonomy":"category","embeddable":true,"href":"https:\/\/hostnetart.com.br\/baixada\/wp-json\/wp\/v2\/categories?post=17247"},{"taxonomy":"post_tag","embeddable":true,"href":"https:\/\/hostnetart.com.br\/baixada\/wp-json\/wp\/v2\/tags?post=17247"}],"curies":[{"name":"wp","href":"https:\/\/api.w.org\/{rel}","templated":true}]}}