{"id":17245,"date":"2026-06-19T16:17:43","date_gmt":"2026-06-19T19:17:43","guid":{"rendered":"https:\/\/hostnetart.com.br\/baixada\/funcionarios-do-santander-realizam-encontro-nacional-para-preparar-renovacao-do-act-e-definir-estrategias-da-campanha-2026\/"},"modified":"2026-06-19T16:17:43","modified_gmt":"2026-06-19T19:17:43","slug":"funcionarios-do-santander-realizam-encontro-nacional-para-preparar-renovacao-do-act-e-definir-estrategias-da-campanha-2026","status":"publish","type":"post","link":"https:\/\/hostnetart.com.br\/baixada\/funcionarios-do-santander-realizam-encontro-nacional-para-preparar-renovacao-do-act-e-definir-estrategias-da-campanha-2026\/","title":{"rendered":"Funcion\u00e1rios do Santander realizam encontro nacional para preparar renova\u00e7\u00e3o do ACT e definir estrat\u00e9gias da Campanha 2026"},"content":{"rendered":"<p>Representantes dos trabalhadores do Santander de todo o pa\u00eds participam nesta sexta-feira (19), em S\u00e3o Paulo, do Encontro Nacional dos Funcion\u00e1rios do Banco Santander. A atividade, realizada no Hotel Holiday Inn Parque Anhembi, integra a prepara\u00e7\u00e3o da 28\u00aa Confer\u00eancia Nacional dos Banc\u00e1rios e da Campanha Nacional 2026, al\u00e9m de ser uma etapa importante na constru\u00e7\u00e3o da minuta de reivindica\u00e7\u00f5es que ser\u00e1 entregue \u00e0 Fenaban na pr\u00f3xima segunda-feira (22).<\/p>\n<p>O credenciamento das delega\u00e7\u00f5es come\u00e7ou na tarde desta quinta-feira (18) e prossegue na manh\u00e3 de sexta-feira. A abertura oficial do encontro est\u00e1 marcada para as 9h, com a sauda\u00e7\u00e3o das correntes sindicais e entidades participantes.<\/p>\n<p>\u00c0s 10h, a vereadora paulistana Luma Zarattini (PT) participa da primeira mesa do dia, que abordar\u00e1 a conjuntura pol\u00edtica, econ\u00f4mica e social e seus impactos para a categoria banc\u00e1ria. Na sequ\u00eancia, \u00e0s 11h, ser\u00e1 apresentada a an\u00e1lise t\u00e9cnica do balan\u00e7o do Santander, elaborada pelo Dieese, com destaque para os resultados financeiros do banco, a produtividade, a rentabilidade e as condi\u00e7\u00f5es de trabalho dos banc\u00e1rios.<\/p>\n<p>Ap\u00f3s o almo\u00e7o, os participantes se dedicar\u00e3o ao debate e \u00e0 consolida\u00e7\u00e3o das propostas da minuta espec\u00edfica de reivindica\u00e7\u00f5es dos trabalhadores do Santander. Os encaminhamentos finais e a defini\u00e7\u00e3o das estrat\u00e9gias para a Campanha Nacional dos Banc\u00e1rios 2026 ocorrer\u00e3o \u00e0s 14h30, seguidos pelos informes e encerramento das atividades, previstos para as 16h.<\/p>\n<p>Coordenadora da Comiss\u00e3o de Organiza\u00e7\u00e3o dos Empregados (COE) do Santander, Ana Marta Lima destacou que o encontro \u00e9 fundamental para fortalecer a pauta dos trabalhadores e preparar a renova\u00e7\u00e3o do Acordo Coletivo de Trabalho.<\/p>\n<p>\u201cOs encontros nacionais s\u00e3o fundamentais porque \u00e9 aqui que constru\u00edmos, de forma democr\u00e1tica, as propostas que ser\u00e3o levadas para a mesa de negocia\u00e7\u00e3o. \u00c9 um espa\u00e7o de debate e unidade que fortalece a nossa capacidade de lutar pelos direitos da categoria\u201d, afirmou.<\/p>\n<p>Segundo a dirigente, a renova\u00e7\u00e3o do ACT \u00e9 uma prioridade dos banc\u00e1rios, mas a categoria tamb\u00e9m quer avan\u00e7ar em novas conquistas.<\/p>\n<p>\u201c\u00c9 importante ressaltar a import\u00e2ncia desses debates para a renova\u00e7\u00e3o do nosso Acordo Coletivo de Trabalho. Queremos garantir os direitos j\u00e1 conquistados, mas tamb\u00e9m avan\u00e7ar nas cl\u00e1usulas que atendam \u00e0s necessidades dos trabalhadores diante das mudan\u00e7as que est\u00e3o ocorrendo no setor banc\u00e1rio\u201d, destacou.<\/p>\n<p>Ana Marta lembrou que a minuta constru\u00edda nos encontros ser\u00e1 entregue \u00e0 Fenaban j\u00e1 na pr\u00f3xima segunda-feira, marcando o in\u00edcio das negocia\u00e7\u00f5es da Campanha Nacional.<\/p>\n<p>\u201cVamos entregar uma pauta constru\u00edda coletivamente, que representa as demandas dos trabalhadores. Nossa expectativa \u00e9 renovar o acordo e conquistar avan\u00e7os que tragam mais prote\u00e7\u00e3o, melhores condi\u00e7\u00f5es de trabalho e valoriza\u00e7\u00e3o para os banc\u00e1rios\u201d, concluiu.<\/p>\n<h2>Programa\u00e7\u00e3o<\/h2>\n<p>18 de junho<\/p>\n<ul>\n<li>16h \u00e0s 20h \u2013 Credenciamento das delega\u00e7\u00f5es \u2013 Sala Arauc\u00e1ria<\/li>\n<\/ul>\n<p>19 de junho<\/p>\n<ul>\n<li>8h \u00e0s 11h \u2013 Credenciamento das delega\u00e7\u00f5es \u2013 Sala Arauc\u00e1ria<\/li>\n<li>9h \u2013 Abertura e sauda\u00e7\u00e3o das correntes e entidades participantes<\/li>\n<li>10h \u2013 Mesa 1: An\u00e1lise de Conjuntura \u2013 Debate sobre cen\u00e1rio pol\u00edtico, econ\u00f4mico e social e seus impactos para a categoria banc\u00e1ria, com participa\u00e7\u00e3o da vereadora Luma Zarattini<\/li>\n<li>11h \u2013 Mesa 2: An\u00e1lise do Balan\u00e7o do Santander \u2013 Apresenta\u00e7\u00e3o t\u00e9cnica do Dieese e avalia\u00e7\u00e3o dos resultados do banco, produtividade, rentabilidade e condi\u00e7\u00f5es de trabalho<\/li>\n<li>12h30 \u2013 Almo\u00e7o<\/li>\n<li>13h30 \u2013 Mesa 3: Debate das propostas da minuta de reivindica\u00e7\u00f5es \u2013 apresenta\u00e7\u00e3o dos eixos, debate e consolida\u00e7\u00e3o das propostas<\/li>\n<li>14h30 \u2013 Encaminhamentos finais, aprova\u00e7\u00e3o das propostas para a Confer\u00eancia Nacional e defini\u00e7\u00e3o das estrat\u00e9gias da Campanha Nacional<\/li>\n<li>16h \u2013 Informes e encerramento<\/li>\n<\/ul>\n<p>O Encontro Nacional dos Funcion\u00e1rios do Santander integra o calend\u00e1rio preparat\u00f3rio da Campanha Nacional dos Banc\u00e1rios 2026 e contribuir\u00e1 para a constru\u00e7\u00e3o das reivindica\u00e7\u00f5es que orientar\u00e3o as negocia\u00e7\u00f5es para a renova\u00e7\u00e3o do Acordo Coletivo de Trabalho e a conquista de novos direitos para a categoria.<\/p>\n<p><em>Fonte: Contraf-CUT<\/em><\/p>\n","protected":false},"excerpt":{"rendered":"<p>Representantes dos trabalhadores do Santander de todo o pa\u00eds participam nesta sexta-feira (19), em S\u00e3o Paulo, do Encontro Nacional dos Funcion\u00e1rios do Banco Santander. A atividade, realizada no Hotel Holiday Inn Parque Anhembi, integra a prepara\u00e7\u00e3o da 28\u00aa Confer\u00eancia Nacional dos Banc\u00e1rios e da Campanha Nacional 2026, al\u00e9m de ser uma etapa importante na constru\u00e7\u00e3o [&hellip;]<\/p>\n","protected":false},"author":2,"featured_media":17244,"comment_status":"","ping_status":"","sticky":false,"template":"","format":"standard","meta":{"footnotes":""},"categories":[3],"tags":[],"class_list":["post-17245","post","type-post","status-publish","format-standard","has-post-thumbnail","hentry","category-noticias"],"_links":{"self":[{"href":"https:\/\/hostnetart.com.br\/baixada\/wp-json\/wp\/v2\/posts\/17245","targetHints":{"allow":["GET"]}}],"collection":[{"href":"https:\/\/hostnetart.com.br\/baixada\/wp-json\/wp\/v2\/posts"}],"about":[{"href":"https:\/\/hostnetart.com.br\/baixada\/wp-json\/wp\/v2\/types\/post"}],"author":[{"embeddable":true,"href":"https:\/\/hostnetart.com.br\/baixada\/wp-json\/wp\/v2\/users\/2"}],"replies":[{"embeddable":true,"href":"https:\/\/hostnetart.com.br\/baixada\/wp-json\/wp\/v2\/comments?post=17245"}],"version-history":[{"count":0,"href":"https:\/\/hostnetart.com.br\/baixada\/wp-json\/wp\/v2\/posts\/17245\/revisions"}],"wp:featuredmedia":[{"embeddable":true,"href":"https:\/\/hostnetart.com.br\/baixada\/wp-json\/wp\/v2\/media\/17244"}],"wp:attachment":[{"href":"https:\/\/hostnetart.com.br\/baixada\/wp-json\/wp\/v2\/media?parent=17245"}],"wp:term":[{"taxonomy":"category","embeddable":true,"href":"https:\/\/hostnetart.com.br\/baixada\/wp-json\/wp\/v2\/categories?post=17245"},{"taxonomy":"post_tag","embeddable":true,"href":"https:\/\/hostnetart.com.br\/baixada\/wp-json\/wp\/v2\/tags?post=17245"}],"curies":[{"name":"wp","href":"https:\/\/api.w.org\/{rel}","templated":true}]}}