{"id":17243,"date":"2026-06-19T16:16:26","date_gmt":"2026-06-19T19:16:26","guid":{"rendered":"https:\/\/hostnetart.com.br\/baixada\/funcionarios-do-itau-realizam-encontro-nacional-nesta-sexta-feira-para-debater-campanha-2026-e-impactos-da-reestruturacao-do-banco\/"},"modified":"2026-06-19T16:16:26","modified_gmt":"2026-06-19T19:16:26","slug":"funcionarios-do-itau-realizam-encontro-nacional-nesta-sexta-feira-para-debater-campanha-2026-e-impactos-da-reestruturacao-do-banco","status":"publish","type":"post","link":"https:\/\/hostnetart.com.br\/baixada\/funcionarios-do-itau-realizam-encontro-nacional-nesta-sexta-feira-para-debater-campanha-2026-e-impactos-da-reestruturacao-do-banco\/","title":{"rendered":"Funcion\u00e1rios do Ita\u00fa realizam encontro nacional nesta sexta-feira para debater Campanha 2026 e impactos da reestrutura\u00e7\u00e3o do banco"},"content":{"rendered":"<p>Dirigentes sindicais e representantes dos trabalhadores de diversas regi\u00f5es do pa\u00eds participam nesta sexta-feira (19) do Encontro Nacional dos Funcion\u00e1rios do Ita\u00fa-Unibanco. A atividade integra a prepara\u00e7\u00e3o da 28\u00aa Confer\u00eancia Nacional dos Banc\u00e1rios e da Campanha Nacional 2026, e ter\u00e1 como foco a conjuntura pol\u00edtica, os impactos da reestrutura\u00e7\u00e3o do banco e a constru\u00e7\u00e3o das reivindica\u00e7\u00f5es espec\u00edficas dos funcion\u00e1rios.<\/p>\n<p>O credenciamento das delega\u00e7\u00f5es teve in\u00edcio na tarde desta quinta-feira (18) e prossegue na manh\u00e3 de sexta. A abertura do encontro ser\u00e1 realizada \u00e0s 9h pelos membros da Comiss\u00e3o de Organiza\u00e7\u00e3o dos Empregados (COE) do Ita\u00fa-Unibanco.<\/p>\n<p>Em seguida, a presidenta do Instituto Lula e ex-presidenta do Sindicato dos Banc\u00e1rios de S\u00e3o Paulo, Osasco e Regi\u00e3o, Ivone Silva, far\u00e1 uma an\u00e1lise da conjuntura nacional, seguida de debate com os participantes.<\/p>\n<p>Na sequ\u00eancia, a economista do Dieese C\u00e1tia Uehara e a assessora jur\u00eddica do Sindicato dos Banc\u00e1rios de S\u00e3o Paulo, Osasco e Regi\u00e3o, Cynthia Lemos Valente, abordar\u00e3o a atual situa\u00e7\u00e3o do Ita\u00fa-Unibanco, os impactos da reestrutura\u00e7\u00e3o promovida pelo banco e os reflexos da intelig\u00eancia artificial sobre o trabalho banc\u00e1rio.<\/p>\n<p>A programa\u00e7\u00e3o prev\u00ea ainda informes da COE sobre o cen\u00e1rio das negocia\u00e7\u00f5es com os representantes do banco e a apresenta\u00e7\u00e3o das propostas aprovadas nos encontros estaduais e regionais, que servir\u00e3o de base para a constru\u00e7\u00e3o da pauta nacional da categoria.<\/p>\n<p>A coordenadora da COE Ita\u00fa-Unibanco, Valeska Pincovai ressaltou que o encontro \u00e9 um momento importante para unificar as reivindica\u00e7\u00f5es dos trabalhadores diante das mudan\u00e7as em curso no setor financeiro. \u201cEstamos vivendo um per\u00edodo de profundas transforma\u00e7\u00f5es no sistema financeiro e no pr\u00f3prio Ita\u00fa. \u00c9 fundamental que os trabalhadores estejam organizados e preparados para enfrentar os desafios impostos pela reestrutura\u00e7\u00e3o e pelo avan\u00e7o das novas tecnologias\u201d, afirmou.<\/p>\n<p>Segundo ela, o encontro tamb\u00e9m \u00e9 uma oportunidade para fortalecer a unidade da categoria em torno da Campanha Nacional dos Banc\u00e1rios. \u201cQueremos construir uma pauta que contemple as demandas espec\u00edficas dos funcion\u00e1rios do Ita\u00fa, mas sem perder de vista os temas comuns que unem toda a categoria. A mobiliza\u00e7\u00e3o e a participa\u00e7\u00e3o dos trabalhadores ser\u00e3o decisivas para avan\u00e7armos nas negocia\u00e7\u00f5es\u201d, destacou.<\/p>\n<p>Valeska enfatizou ainda que o debate sobre intelig\u00eancia artificial e novas formas de organiza\u00e7\u00e3o do trabalho precisa estar acompanhado da defesa do emprego e da qualidade de vida dos banc\u00e1rios.<\/p>\n<p>\u201cA tecnologia deve estar a servi\u00e7o das pessoas, e n\u00e3o ser utilizada para ampliar a sobrecarga, reduzir postos de trabalho ou precarizar as condi\u00e7\u00f5es de trabalho. Precisamos discutir o futuro do trabalho banc\u00e1rio com responsabilidade e com a participa\u00e7\u00e3o dos trabalhadores\u201d, concluiu.<\/p>\n<h2><strong>Programa\u00e7\u00e3o<\/strong><\/h2>\n<p><strong>18 de junho<\/strong><\/p>\n<ul data-spread=\"false\">\n<li>16h \u00e0s 20h \u2013 Credenciamento das delega\u00e7\u00f5es inscritas e convidados \u2013 Sala Bambu<\/li>\n<\/ul>\n<p><strong>19 de junho<\/strong><\/p>\n<ul data-spread=\"false\">\n<li>8h \u00e0s 11h \u2013 Credenciamento das delega\u00e7\u00f5es inscritas e convidados \u2013 Sala Bambu<\/li>\n<li>9h \u2013 Abertura com membros da Comiss\u00e3o de Organiza\u00e7\u00e3o dos Funcion\u00e1rios do Banco Ita\u00fa-Unibanco<\/li>\n<li>9h30 \u2013 An\u00e1lise de Conjuntura Nacional, com Ivone Silva, presidenta do Instituto Lula e ex-presidenta do Sindicato dos Banc\u00e1rios de S\u00e3o Paulo, Osasco e Regi\u00e3o, seguida de interven\u00e7\u00f5es do plen\u00e1rio<\/li>\n<li>10h15 \u2013 Ita\u00fa-Unibanco: Situa\u00e7\u00e3o Atual e Tend\u00eancias \u2013 Reestrutura\u00e7\u00e3o do banco e impactos da intelig\u00eancia artificial e da tecnologia no trabalho banc\u00e1rio, com C\u00e1tia Uehara, economista do Dieese, e Cynthia Lemos Valente, assessora jur\u00eddica do Sindicato dos Banc\u00e1rios de S\u00e3o Paulo, Osasco e Regi\u00e3o<\/li>\n<li>11h15 \u2013 Cen\u00e1rio das negocia\u00e7\u00f5es com os representantes do banco e informes da COE Ita\u00fa-Unibanco<\/li>\n<li>12h30 \u2013 Apresenta\u00e7\u00e3o das propostas dos encontros estaduais e regionais, com debate e interven\u00e7\u00f5es do plen\u00e1rio<\/li>\n<li>13h \u2013 Encerramento e almo\u00e7o<\/li>\n<\/ul>\n<p>O Encontro Nacional dos Funcion\u00e1rios do Ita\u00fa-Unibanco integra o calend\u00e1rio preparat\u00f3rio da Campanha Nacional dos Banc\u00e1rios 2026 e contribuir\u00e1 para a constru\u00e7\u00e3o das propostas que ser\u00e3o levadas \u00e0 Confer\u00eancia Nacional da categoria.<\/p>\n<p><em>Fonte: Contraf-CUT<\/em><\/p>\n","protected":false},"excerpt":{"rendered":"<p>Dirigentes sindicais e representantes dos trabalhadores de diversas regi\u00f5es do pa\u00eds participam nesta sexta-feira (19) do Encontro Nacional dos Funcion\u00e1rios do Ita\u00fa-Unibanco. A atividade integra a prepara\u00e7\u00e3o da 28\u00aa Confer\u00eancia Nacional dos Banc\u00e1rios e da Campanha Nacional 2026, e ter\u00e1 como foco a conjuntura pol\u00edtica, os impactos da reestrutura\u00e7\u00e3o do banco e a constru\u00e7\u00e3o das [&hellip;]<\/p>\n","protected":false},"author":2,"featured_media":17242,"comment_status":"","ping_status":"","sticky":false,"template":"","format":"standard","meta":{"footnotes":""},"categories":[3],"tags":[],"class_list":["post-17243","post","type-post","status-publish","format-standard","has-post-thumbnail","hentry","category-noticias"],"_links":{"self":[{"href":"https:\/\/hostnetart.com.br\/baixada\/wp-json\/wp\/v2\/posts\/17243","targetHints":{"allow":["GET"]}}],"collection":[{"href":"https:\/\/hostnetart.com.br\/baixada\/wp-json\/wp\/v2\/posts"}],"about":[{"href":"https:\/\/hostnetart.com.br\/baixada\/wp-json\/wp\/v2\/types\/post"}],"author":[{"embeddable":true,"href":"https:\/\/hostnetart.com.br\/baixada\/wp-json\/wp\/v2\/users\/2"}],"replies":[{"embeddable":true,"href":"https:\/\/hostnetart.com.br\/baixada\/wp-json\/wp\/v2\/comments?post=17243"}],"version-history":[{"count":0,"href":"https:\/\/hostnetart.com.br\/baixada\/wp-json\/wp\/v2\/posts\/17243\/revisions"}],"wp:featuredmedia":[{"embeddable":true,"href":"https:\/\/hostnetart.com.br\/baixada\/wp-json\/wp\/v2\/media\/17242"}],"wp:attachment":[{"href":"https:\/\/hostnetart.com.br\/baixada\/wp-json\/wp\/v2\/media?parent=17243"}],"wp:term":[{"taxonomy":"category","embeddable":true,"href":"https:\/\/hostnetart.com.br\/baixada\/wp-json\/wp\/v2\/categories?post=17243"},{"taxonomy":"post_tag","embeddable":true,"href":"https:\/\/hostnetart.com.br\/baixada\/wp-json\/wp\/v2\/tags?post=17243"}],"curies":[{"name":"wp","href":"https:\/\/api.w.org\/{rel}","templated":true}]}}