{"id":17239,"date":"2026-06-17T13:18:46","date_gmt":"2026-06-17T16:18:46","guid":{"rendered":"https:\/\/hostnetart.com.br\/baixada\/28-conferencia-nacional-dos-bancarios-categoria-se-reune-em-sp-para-definir-rumos-da-campanha-nacional-unificada-2026\/"},"modified":"2026-06-17T13:18:46","modified_gmt":"2026-06-17T16:18:46","slug":"28-conferencia-nacional-dos-bancarios-categoria-se-reune-em-sp-para-definir-rumos-da-campanha-nacional-unificada-2026","status":"publish","type":"post","link":"https:\/\/hostnetart.com.br\/baixada\/28-conferencia-nacional-dos-bancarios-categoria-se-reune-em-sp-para-definir-rumos-da-campanha-nacional-unificada-2026\/","title":{"rendered":"28\u00aa Confer\u00eancia Nacional dos Banc\u00e1rios: categoria se re\u00fane em SP para definir rumos da Campanha Nacional Unificada 2026"},"content":{"rendered":"<p>Cerca de 800 representantes de banc\u00e1rias e banc\u00e1rias de todo o pa\u00eds est\u00e3o sendo aguardados na 28\u00aa Confer\u00eancia Nacional dos Banc\u00e1rios, entre os dias 19 e 21 de junho, no Holiday Inn Parque Anhembi, em S\u00e3o Paulo.<\/p>\n<p>Com o tema &#8220;Pelos banc\u00e1rios e pelo Brasil: mais sal\u00e1rios, empregos e direitos, mais futuro para todos&#8221;, o encontro ser\u00e1 aberto com a leitura do manifesto Contraf-CUT de toler\u00e2ncia zero para casos de viol\u00eancia e ass\u00e9dio.<\/p>\n<p>Entre os destaques da programa\u00e7\u00e3o est\u00e3o as mesas sobre conjuntura pol\u00edtica e econ\u00f4mica do Brasil, o panorama do Sistema Financeiro Nacional e a apresenta\u00e7\u00e3o dos resultados da Consulta Nacional dos Banc\u00e1rios que, neste ano, bateu recorde hist\u00f3rico com a participa\u00e7\u00e3o de 54.952 respondentes. O evento tamb\u00e9m reserva momentos de integra\u00e7\u00e3o, como a transmiss\u00e3o do jogo da Sele\u00e7\u00e3o Brasileira na noite de sexta-feira e uma confraterniza\u00e7\u00e3o no s\u00e1bado.<\/p>\n<p><strong>\u201cEsse \u00e9 um ano de renova\u00e7\u00e3o da Conven\u00e7\u00e3o Coletiva de Trabalho (CCT) da categoria banc\u00e1ria e, por isso, a 28\u00aa confer\u00eancia ser\u00e1 decisiva para a consolida\u00e7\u00e3o da pauta de reivindica\u00e7\u00f5es da Campanha Nacional Unificada, que vem sendo constru\u00edda h\u00e1 meses junto \u00e0s bases a partir de confer\u00eancias regionais e estaduais, pesquisas e consultas\u201d<\/strong>, explica a coordenadora do Comando Nacional e presidenta da Contraf-CUT, Juvandia Moreira.<\/p>\n<p>A dirigente lembra ainda que a organiza\u00e7\u00e3o dos rumos da luta em defesa dos direitos e da valoriza\u00e7\u00e3o do emprego banc\u00e1rio inclui a apropria\u00e7\u00e3o de conhecimentos t\u00e9cnicos sobre as conjunturas pol\u00edtica e econ\u00f4mica e sobre as mudan\u00e7as estruturais que est\u00e3o ocorrendo no sistema financeiro.\u00a0<strong>\u201cAo longo dos \u00faltimos meses, esses conhecimentos v\u00eam sendo trocados e estudados em atividades locais, de norte a sul do pa\u00eds, e, nos pr\u00f3ximos dias, ser\u00e3o ainda mais aprofundados na confer\u00eancia nacional\u201d<\/strong>, completa Juvandia.<\/p>\n<p>O encerramento da 28\u00aa Confer\u00eancia Nacional dos Banc\u00e1rios, previsto para o domingo (21), ser\u00e1 marcado pela aprova\u00e7\u00e3o de resolu\u00e7\u00f5es, mo\u00e7\u00f5es e da minuta de reivindica\u00e7\u00f5es que ser\u00e1 entregue dia 24 de junho pelo Comando Nacional dos Banc\u00e1rios aos representantes da Federa\u00e7\u00e3o Nacional dos Bancos (Fenaban).<\/p>\n<p>Programa\u00e7\u00e3o completa:<\/p>\n<p><strong>Dia 19 de junho de 2026 \u2013 sexta-feira<\/strong><br \/>\u2022\u00a0\u00a0 \u00a014h &#8211; 20h: Credenciamento presencial de delegadas e delegados inscritos, eventuais substitui\u00e7\u00f5es por suplentes e convidados(as) (Sala Arauc\u00e1ria)<br \/>\u2022\u00a0\u00a0 \u00a016h30: Leitura do manifesto da Contraf-CUT de toler\u00e2ncia zero para casos de viol\u00eancia e ass\u00e9dio<br \/>\u2022\u00a0\u00a0 \u00a017h: Abertura solene da 28\u00aa Confer\u00eancia Nacional dos Banc\u00e1rios 2026 (Sala Jequitib\u00e1)<br \/>\u2022\u00a0\u00a0 \u00a020h: Jantar<br \/>\u2022\u00a0\u00a0 \u00a021h30: Jogo da Sele\u00e7\u00e3o Brasileira<\/p>\n<p><strong>Dia 20 de junho de 2026 \u2013 s\u00e1bado<\/strong><br \/>\u2022\u00a0\u00a0 \u00a008h &#8211; 12h: Credenciamento presencial de delegadas e delegados inscritos, eventuais substitui\u00e7\u00f5es por suplentes e convidados(as)<br \/>\u2022\u00a0\u00a0 \u00a009h30:\u00a0<strong>Mesa 1 \u2013\u00a0<\/strong>Conjuntura: debatendo os rumos do Brasil e da classe trabalhadora<br \/>\u2022\u00a0\u00a0 \u00a012h:\u00a0<strong>Mesa 2 \u2013\u00a0<\/strong>Apresenta\u00e7\u00e3o do resultado da Consulta Nacional dos Banc\u00e1rios 2026<br \/>\u2022\u00a0\u00a0 \u00a012h40: Intervalo para almo\u00e7o<br \/>\u2022\u00a0\u00a0 \u00a013h40 \u2013 16h:\u00a0<strong>Mesa 3 \u2013<\/strong>\u00a0Conjuntura econ\u00f4mica geral e do Sistema Financeiro Nacional<br \/>\u2022\u00a0\u00a0 \u00a016h05 &#8211; 17h30:\u00a0<strong>Mesa 4 \u2013<\/strong>\u00a0Estrat\u00e9gia de comunica\u00e7\u00e3o e organiza\u00e7\u00e3o da categoria banc\u00e1ria na Campanha Nacional dos Banc\u00e1rios 2026<br \/>\u2022\u00a0\u00a0 \u00a020h30 &#8211; 23h30: Confraterniza\u00e7\u00e3o<\/p>\n<p><strong>Dia 21 de junho de 2026 \u2013 domingo<\/strong><br \/>\u2022\u00a0\u00a0 \u00a008h \u2013 14h: Maleiro (Sala Bambu)<br \/>\u2022\u00a0\u00a0 \u00a009h: Apresenta\u00e7\u00e3o da m\u00eddia da Campanha Nacional dos Banc\u00e1rios 2026<br \/>\u2022\u00a0\u00a0 \u00a010h10 &#8211; 12h30: Apresenta\u00e7\u00e3o e aprova\u00e7\u00e3o das propostas recebidas das Confer\u00eancias Estaduais e Regionais; aprova\u00e7\u00e3o da minuta de reivindica\u00e7\u00f5es da categoria banc\u00e1ria 2026; aprova\u00e7\u00e3o das resolu\u00e7\u00f5es e mo\u00e7\u00f5es<br \/>\u2022\u00a0\u00a0 \u00a012h30: Encerramento e almo\u00e7o<\/p>\n<p><strong>Fonte: Contraf-CUT<\/strong><\/p>\n","protected":false},"excerpt":{"rendered":"<p>Cerca de 800 representantes de banc\u00e1rias e banc\u00e1rias de todo o pa\u00eds est\u00e3o sendo aguardados na 28\u00aa Confer\u00eancia Nacional dos Banc\u00e1rios, entre os dias 19 e 21 de junho, no Holiday Inn Parque Anhembi, em S\u00e3o Paulo. Com o tema &#8220;Pelos banc\u00e1rios e pelo Brasil: mais sal\u00e1rios, empregos e direitos, mais futuro para todos&#8221;, o [&hellip;]<\/p>\n","protected":false},"author":2,"featured_media":17238,"comment_status":"","ping_status":"","sticky":false,"template":"","format":"standard","meta":{"footnotes":""},"categories":[3],"tags":[],"class_list":["post-17239","post","type-post","status-publish","format-standard","has-post-thumbnail","hentry","category-noticias"],"_links":{"self":[{"href":"https:\/\/hostnetart.com.br\/baixada\/wp-json\/wp\/v2\/posts\/17239","targetHints":{"allow":["GET"]}}],"collection":[{"href":"https:\/\/hostnetart.com.br\/baixada\/wp-json\/wp\/v2\/posts"}],"about":[{"href":"https:\/\/hostnetart.com.br\/baixada\/wp-json\/wp\/v2\/types\/post"}],"author":[{"embeddable":true,"href":"https:\/\/hostnetart.com.br\/baixada\/wp-json\/wp\/v2\/users\/2"}],"replies":[{"embeddable":true,"href":"https:\/\/hostnetart.com.br\/baixada\/wp-json\/wp\/v2\/comments?post=17239"}],"version-history":[{"count":0,"href":"https:\/\/hostnetart.com.br\/baixada\/wp-json\/wp\/v2\/posts\/17239\/revisions"}],"wp:featuredmedia":[{"embeddable":true,"href":"https:\/\/hostnetart.com.br\/baixada\/wp-json\/wp\/v2\/media\/17238"}],"wp:attachment":[{"href":"https:\/\/hostnetart.com.br\/baixada\/wp-json\/wp\/v2\/media?parent=17239"}],"wp:term":[{"taxonomy":"category","embeddable":true,"href":"https:\/\/hostnetart.com.br\/baixada\/wp-json\/wp\/v2\/categories?post=17239"},{"taxonomy":"post_tag","embeddable":true,"href":"https:\/\/hostnetart.com.br\/baixada\/wp-json\/wp\/v2\/tags?post=17239"}],"curies":[{"name":"wp","href":"https:\/\/api.w.org\/{rel}","templated":true}]}}