{"id":17235,"date":"2026-06-17T13:14:46","date_gmt":"2026-06-17T16:14:46","guid":{"rendered":"https:\/\/hostnetart.com.br\/baixada\/santander-impoe-compensacao-de-horas-nos-dias-de-jogos-da-selecao\/"},"modified":"2026-06-17T13:14:46","modified_gmt":"2026-06-17T16:14:46","slug":"santander-impoe-compensacao-de-horas-nos-dias-de-jogos-da-selecao","status":"publish","type":"post","link":"https:\/\/hostnetart.com.br\/baixada\/santander-impoe-compensacao-de-horas-nos-dias-de-jogos-da-selecao\/","title":{"rendered":"Santander imp\u00f5e compensa\u00e7\u00e3o de horas nos dias de jogos da Sele\u00e7\u00e3o"},"content":{"rendered":"<p>A decis\u00e3o do Santander de exigir a compensa\u00e7\u00e3o das horas n\u00e3o trabalhadas nos dias dos jogos da Sele\u00e7\u00e3o Brasileira na Copa do Mundo de 2026 gerou insatisfa\u00e7\u00e3o entre os trabalhadores.<\/p>\n<p>A medida contrasta com a expectativa criada entre os banc\u00e1rios e com a postura adotada por outras institui\u00e7\u00f5es financeiras, que optaram pelo abono das horas como forma de reconhecer a import\u00e2ncia do evento e valorizar seus trabalhadores.<\/p>\n<p>\u201cA gan\u00e2ncia do Santander mais uma vez fala mais alto. Enquanto os demais grandes bancos compreenderam a import\u00e2ncia de permitir que seus funcion\u00e1rios acompanhassem os jogos da Sele\u00e7\u00e3o Brasileira sem preju\u00edzo, o Santander preferiu impor a compensa\u00e7\u00e3o das horas. \u00c9 uma postura que ignora um momento de integra\u00e7\u00e3o e descontra\u00e7\u00e3o vivido por todo o pa\u00eds e que gera indigna\u00e7\u00e3o entre os trabalhadores. Em vez de reconhecer o empenho de quem sustenta seus lucros bilion\u00e1rios, o banco escolhe penalizar os funcion\u00e1rios e refor\u00e7ar uma pol\u00edtica permanente de desvaloriza\u00e7\u00e3o\u201d, criticou Ana Marta Lima, coordenadora da COE Santander.<\/p>\n<p>A dirigente ressaltou que a reivindica\u00e7\u00e3o apresentada pela representa\u00e7\u00e3o dos empregados era pelo abono das horas, justamente para evitar preju\u00edzos aos banc\u00e1rios. \u201cOs funcion\u00e1rios j\u00e1 convivem com metas elevadas, redu\u00e7\u00e3o de quadros e aumento constante da sobrecarga de trabalho. Exigir compensa\u00e7\u00e3o por um per\u00edodo t\u00e3o curto, em um evento que mobiliza todo o pa\u00eds, acaba frustrando a expectativa dos trabalhadores\u201d, acrescentou.<\/p>\n<p>A Contraf-CUT avalia que a decis\u00e3o do Santander destoa do esp\u00edrito de valoriza\u00e7\u00e3o dos banc\u00e1rios e refor\u00e7a a necessidade de ampliar o di\u00e1logo com o banco sobre temas relacionados \u00e0s condi\u00e7\u00f5es de trabalho e ao reconhecimento dos empregados.<\/p>\n<p><strong>Fonte: Contraf-CUT<\/strong><\/p>\n","protected":false},"excerpt":{"rendered":"<p>A decis\u00e3o do Santander de exigir a compensa\u00e7\u00e3o das horas n\u00e3o trabalhadas nos dias dos jogos da Sele\u00e7\u00e3o Brasileira na Copa do Mundo de 2026 gerou insatisfa\u00e7\u00e3o entre os trabalhadores. A medida contrasta com a expectativa criada entre os banc\u00e1rios e com a postura adotada por outras institui\u00e7\u00f5es financeiras, que optaram pelo abono das horas [&hellip;]<\/p>\n","protected":false},"author":2,"featured_media":17234,"comment_status":"","ping_status":"","sticky":false,"template":"","format":"standard","meta":{"footnotes":""},"categories":[3],"tags":[],"class_list":["post-17235","post","type-post","status-publish","format-standard","has-post-thumbnail","hentry","category-noticias"],"_links":{"self":[{"href":"https:\/\/hostnetart.com.br\/baixada\/wp-json\/wp\/v2\/posts\/17235","targetHints":{"allow":["GET"]}}],"collection":[{"href":"https:\/\/hostnetart.com.br\/baixada\/wp-json\/wp\/v2\/posts"}],"about":[{"href":"https:\/\/hostnetart.com.br\/baixada\/wp-json\/wp\/v2\/types\/post"}],"author":[{"embeddable":true,"href":"https:\/\/hostnetart.com.br\/baixada\/wp-json\/wp\/v2\/users\/2"}],"replies":[{"embeddable":true,"href":"https:\/\/hostnetart.com.br\/baixada\/wp-json\/wp\/v2\/comments?post=17235"}],"version-history":[{"count":0,"href":"https:\/\/hostnetart.com.br\/baixada\/wp-json\/wp\/v2\/posts\/17235\/revisions"}],"wp:featuredmedia":[{"embeddable":true,"href":"https:\/\/hostnetart.com.br\/baixada\/wp-json\/wp\/v2\/media\/17234"}],"wp:attachment":[{"href":"https:\/\/hostnetart.com.br\/baixada\/wp-json\/wp\/v2\/media?parent=17235"}],"wp:term":[{"taxonomy":"category","embeddable":true,"href":"https:\/\/hostnetart.com.br\/baixada\/wp-json\/wp\/v2\/categories?post=17235"},{"taxonomy":"post_tag","embeddable":true,"href":"https:\/\/hostnetart.com.br\/baixada\/wp-json\/wp\/v2\/tags?post=17235"}],"curies":[{"name":"wp","href":"https:\/\/api.w.org\/{rel}","templated":true}]}}