{"id":17233,"date":"2026-06-15T15:34:10","date_gmt":"2026-06-15T18:34:10","guid":{"rendered":"https:\/\/hostnetart.com.br\/baixada\/sindicato-faz-ato-para-protestar-contra-demissoes-em-massa-no-santander\/"},"modified":"2026-06-15T15:34:10","modified_gmt":"2026-06-15T18:34:10","slug":"sindicato-faz-ato-para-protestar-contra-demissoes-em-massa-no-santander","status":"publish","type":"post","link":"https:\/\/hostnetart.com.br\/baixada\/sindicato-faz-ato-para-protestar-contra-demissoes-em-massa-no-santander\/","title":{"rendered":"Sindicato faz ato para protestar contra demiss\u00f5es em massa no Santander"},"content":{"rendered":"<p>Nesta segunda-feira, 15 de junho, o Sindicato dos Banc\u00e1rios da Baixada Fluminense fez um ato, na ag\u00eancia do Santander localizada no Centro de Duque de Caxias, para protestar contra as demiss\u00f5es em massa que estariam atingindo trabalhadores na regi\u00e3o e em diversas regi\u00f5es do pa\u00eds.<\/p>\n<p>No \u00faltimo dia 3, a Comiss\u00e3o de Organiza\u00e7\u00e3o dos Empregados (COE) do Santander j\u00e1 havia cobrado do banco a suspens\u00e3o imediata deste processo.<\/p>\n<p>Foi encaminhada uma manifesta\u00e7\u00e3o formal \u00e0 dire\u00e7\u00e3o da institui\u00e7\u00e3o, ap\u00f3s relatos de desligamentos realizados, especialmente envolvendo trabalhadores do cargo de Especialista de Atendimento.<\/p>\n<p>Segundo a COE, os desligamentos ocorreram sem qualquer comunica\u00e7\u00e3o pr\u00e9via ou negocia\u00e7\u00e3o com a representa\u00e7\u00e3o dos trabalhadores, desrespeitando o compromisso de di\u00e1logo permanente estabelecido entre as partes por meio do Comit\u00ea de Rela\u00e7\u00f5es Trabalhistas, previsto no Acordo Coletivo de Trabalho (ACT).<\/p>\n<p>A preocupa\u00e7\u00e3o da representa\u00e7\u00e3o dos trabalhadores \u00e9 ainda maior porque o tema foi levado \u00e0 mesa de negocia\u00e7\u00e3o na \u00faltima reuni\u00e3o com o banco, realizada em 13 de maio.<\/p>\n<p>Na ocasi\u00e3o, a COE questionou rumores sobre a extin\u00e7\u00e3o do cargo de Especialista de Atendimento. De acordo com os representantes dos empregados, o negociador do Santander afirmou categoricamente que n\u00e3o havia qualquer processo de extin\u00e7\u00e3o do cargo e que eventuais movimenta\u00e7\u00f5es seriam pontuais.<\/p>\n<p>O Movimento Sindical continuar\u00e1 adotando todas as medidas necess\u00e1rias para defender os empregos, o respeito \u00e0 negocia\u00e7\u00e3o coletiva e os direitos dos trabalhadores do banco.<\/p>\n<p>*<i>confira mais fotos em nossas redes sociais<\/i>\u00a0<\/p>\n","protected":false},"excerpt":{"rendered":"<p>Nesta segunda-feira, 15 de junho, o Sindicato dos Banc\u00e1rios da Baixada Fluminense fez um ato, na ag\u00eancia do Santander localizada no Centro de Duque de Caxias, para protestar contra as demiss\u00f5es em massa que estariam atingindo trabalhadores na regi\u00e3o e em diversas regi\u00f5es do pa\u00eds. No \u00faltimo dia 3, a Comiss\u00e3o de Organiza\u00e7\u00e3o dos Empregados [&hellip;]<\/p>\n","protected":false},"author":2,"featured_media":17232,"comment_status":"","ping_status":"","sticky":false,"template":"","format":"standard","meta":{"footnotes":""},"categories":[3],"tags":[],"class_list":["post-17233","post","type-post","status-publish","format-standard","has-post-thumbnail","hentry","category-noticias"],"_links":{"self":[{"href":"https:\/\/hostnetart.com.br\/baixada\/wp-json\/wp\/v2\/posts\/17233","targetHints":{"allow":["GET"]}}],"collection":[{"href":"https:\/\/hostnetart.com.br\/baixada\/wp-json\/wp\/v2\/posts"}],"about":[{"href":"https:\/\/hostnetart.com.br\/baixada\/wp-json\/wp\/v2\/types\/post"}],"author":[{"embeddable":true,"href":"https:\/\/hostnetart.com.br\/baixada\/wp-json\/wp\/v2\/users\/2"}],"replies":[{"embeddable":true,"href":"https:\/\/hostnetart.com.br\/baixada\/wp-json\/wp\/v2\/comments?post=17233"}],"version-history":[{"count":0,"href":"https:\/\/hostnetart.com.br\/baixada\/wp-json\/wp\/v2\/posts\/17233\/revisions"}],"wp:featuredmedia":[{"embeddable":true,"href":"https:\/\/hostnetart.com.br\/baixada\/wp-json\/wp\/v2\/media\/17232"}],"wp:attachment":[{"href":"https:\/\/hostnetart.com.br\/baixada\/wp-json\/wp\/v2\/media?parent=17233"}],"wp:term":[{"taxonomy":"category","embeddable":true,"href":"https:\/\/hostnetart.com.br\/baixada\/wp-json\/wp\/v2\/categories?post=17233"},{"taxonomy":"post_tag","embeddable":true,"href":"https:\/\/hostnetart.com.br\/baixada\/wp-json\/wp\/v2\/tags?post=17233"}],"curies":[{"name":"wp","href":"https:\/\/api.w.org\/{rel}","templated":true}]}}