{"id":17231,"date":"2026-06-12T12:19:47","date_gmt":"2026-06-12T15:19:47","guid":{"rendered":"https:\/\/hostnetart.com.br\/baixada\/movimento-sindical-solicita-e-febraban-orienta-bancos-a-liberar-empregados-durante-jogos-do-brasil-na-copa\/"},"modified":"2026-06-12T12:19:47","modified_gmt":"2026-06-12T15:19:47","slug":"movimento-sindical-solicita-e-febraban-orienta-bancos-a-liberar-empregados-durante-jogos-do-brasil-na-copa","status":"publish","type":"post","link":"https:\/\/hostnetart.com.br\/baixada\/movimento-sindical-solicita-e-febraban-orienta-bancos-a-liberar-empregados-durante-jogos-do-brasil-na-copa\/","title":{"rendered":"Movimento sindical solicita e Febraban orienta bancos a liberar empregados durante jogos do Brasil na Copa"},"content":{"rendered":"<\/p>\n<p>A Federa\u00e7\u00e3o Brasileira de Bancos (Febraban) atendeu \u00e0 solicita\u00e7\u00e3o apresentada pela Confedera\u00e7\u00e3o Nacional dos Trabalhadores do Ramo Financeiro (Contraf-CUT) e orientou os bancos a adotarem medidas que permitam aos empregados e empregadas banc\u00e1rias acompanhar os jogos da Sele\u00e7\u00e3o Brasileira masculina durante a Copa do Mundo de 2026. A decis\u00e3o foi formalizada por meio do Comunicado FB-038\/2026, divulgado nesta quinta-feira (11).<\/p>\n<p>O comunicado da Febraban \u00e9 uma resposta ao of\u00edcio encaminhado pela Contraf-CUT no \u00faltimo dia 9 de junho, no qual a entidade solicitou a libera\u00e7\u00e3o dos trabalhadores nos dias de jogos da Sele\u00e7\u00e3o Brasileira, al\u00e9m da adequa\u00e7\u00e3o dos hor\u00e1rios de expediente das institui\u00e7\u00f5es financeiras. No documento, a Contraf-CUT destacou a relev\u00e2ncia social e cultural da Copa do Mundo para a popula\u00e7\u00e3o brasileira e lembrou que, historicamente, empresas e \u00f3rg\u00e3os p\u00fablicos costumam adotar medidas de flexibiliza\u00e7\u00e3o da jornada durante o torneio.<\/p>\n<p>Para a presidenta da Contraf-CUT, Juvandia Moreira, a resposta da Febraban demonstra sensibilidade diante de uma demanda leg\u00edtima da categoria. \u201cA Copa do Mundo \u00e9 um evento que mobiliza milh\u00f5es de brasileiros e brasileiras. A decis\u00e3o da Febraban atende uma reivindica\u00e7\u00e3o da Contraf-CUT e reconhece a import\u00e2ncia de garantir que os trabalhadores possam acompanhar os jogos da Sele\u00e7\u00e3o sem preju\u00edzo aos seus direitos e \u00e0 presta\u00e7\u00e3o dos servi\u00e7os banc\u00e1rios \u00e0 popula\u00e7\u00e3o\u201d, afirmou.<\/p>\n<h2><strong>Aten\u00e7\u00e3o ao hor\u00e1rio banc\u00e1rio<\/strong><\/h2>\n<p>Pelas orienta\u00e7\u00f5es encaminhadas aos bancos, nos dias em que os jogos da Sele\u00e7\u00e3o Brasileira come\u00e7arem \u00e0s 14h, as ag\u00eancias dever\u00e3o funcionar das 9h \u00e0s 12h. Quando as partidas tiverem in\u00edcio \u00e0s 16h, o atendimento ocorrer\u00e1 das 10h \u00e0s 14h. J\u00e1 nos jogos marcados para as 17h, as ag\u00eancias abrir\u00e3o \u00e0s 10h e fechar\u00e3o \u00e0s 15h.<\/p>\n<p>O comunicado tamb\u00e9m trata dos aspectos relacionados aos trabalhadores. Para os empregados que atuam em ag\u00eancias e postos de atendimento, a recomenda\u00e7\u00e3o \u00e9 que sejam dispensados do trabalho com anteced\u00eancia m\u00ednima de uma hora em rela\u00e7\u00e3o ao in\u00edcio das partidas.<\/p>\n<p>No caso dos trabalhadores em teletrabalho, a Febraban orienta que seja assegurado o direito \u00e0 desconex\u00e3o entre, no m\u00ednimo, 30 minutos antes do in\u00edcio dos jogos e at\u00e9 15 minutos ap\u00f3s o t\u00e9rmino das partidas. Para aqueles que estiverem escalados para atividades presenciais nos dias de jogos, os bancos poder\u00e3o, quando poss\u00edvel, transferi-los para o regime de teletrabalho ou aplicar a mesma regra de libera\u00e7\u00e3o antecipada prevista para os empregados das ag\u00eancias.<\/p>\n<p>A entidade patronal tamb\u00e9m recomenda que as horas n\u00e3o trabalhadas em raz\u00e3o dos jogos sejam compensadas posteriormente ou incorporadas aos bancos de horas das institui\u00e7\u00f5es.<\/p>\n<p>Ao encaminhar o pedido \u00e0 Febraban, a Contraf-CUT ressaltou ainda que a flexibiliza\u00e7\u00e3o do expediente contribui para o bem-estar dos trabalhadores, fortalece o clima organizacional e pode colaborar para a seguran\u00e7a dos empregados, considerando as altera\u00e7\u00f5es na rotina das cidades durante os jogos da Sele\u00e7\u00e3o Brasileira.<\/p>\n<p>A Contraf-CUT acompanhar\u00e1 a aplica\u00e7\u00e3o das orienta\u00e7\u00f5es pelos bancos e permanece \u00e0 disposi\u00e7\u00e3o para receber eventuais relatos de descumprimento das recomenda\u00e7\u00f5es divulgadas pela Febraban.<\/p>\n<p><em>Fonte: Contraf-CUT<\/em><\/p>\n","protected":false},"excerpt":{"rendered":"<p>A Federa\u00e7\u00e3o Brasileira de Bancos (Febraban) atendeu \u00e0 solicita\u00e7\u00e3o apresentada pela Confedera\u00e7\u00e3o Nacional dos Trabalhadores do Ramo Financeiro (Contraf-CUT) e orientou os bancos a adotarem medidas que permitam aos empregados e empregadas banc\u00e1rias acompanhar os jogos da Sele\u00e7\u00e3o Brasileira masculina durante a Copa do Mundo de 2026. A decis\u00e3o foi formalizada por meio do Comunicado [&hellip;]<\/p>\n","protected":false},"author":2,"featured_media":17230,"comment_status":"","ping_status":"","sticky":false,"template":"","format":"standard","meta":{"footnotes":""},"categories":[3],"tags":[],"class_list":["post-17231","post","type-post","status-publish","format-standard","has-post-thumbnail","hentry","category-noticias"],"_links":{"self":[{"href":"https:\/\/hostnetart.com.br\/baixada\/wp-json\/wp\/v2\/posts\/17231","targetHints":{"allow":["GET"]}}],"collection":[{"href":"https:\/\/hostnetart.com.br\/baixada\/wp-json\/wp\/v2\/posts"}],"about":[{"href":"https:\/\/hostnetart.com.br\/baixada\/wp-json\/wp\/v2\/types\/post"}],"author":[{"embeddable":true,"href":"https:\/\/hostnetart.com.br\/baixada\/wp-json\/wp\/v2\/users\/2"}],"replies":[{"embeddable":true,"href":"https:\/\/hostnetart.com.br\/baixada\/wp-json\/wp\/v2\/comments?post=17231"}],"version-history":[{"count":0,"href":"https:\/\/hostnetart.com.br\/baixada\/wp-json\/wp\/v2\/posts\/17231\/revisions"}],"wp:featuredmedia":[{"embeddable":true,"href":"https:\/\/hostnetart.com.br\/baixada\/wp-json\/wp\/v2\/media\/17230"}],"wp:attachment":[{"href":"https:\/\/hostnetart.com.br\/baixada\/wp-json\/wp\/v2\/media?parent=17231"}],"wp:term":[{"taxonomy":"category","embeddable":true,"href":"https:\/\/hostnetart.com.br\/baixada\/wp-json\/wp\/v2\/categories?post=17231"},{"taxonomy":"post_tag","embeddable":true,"href":"https:\/\/hostnetart.com.br\/baixada\/wp-json\/wp\/v2\/tags?post=17231"}],"curies":[{"name":"wp","href":"https:\/\/api.w.org\/{rel}","templated":true}]}}