{"id":1723,"date":"2013-11-22T00:00:00","date_gmt":"2013-11-22T02:00:00","guid":{"rendered":"https:\/\/hostnetart.com.br\/baixada\/grupo-de-trabalho-sobre-adoecimento-de-bancarios-volta-a-se-reunir-no-dia-28\/"},"modified":"2013-11-22T00:00:00","modified_gmt":"2013-11-22T02:00:00","slug":"grupo-de-trabalho-sobre-adoecimento-de-bancarios-volta-a-se-reunir-no-dia-28","status":"publish","type":"post","link":"https:\/\/hostnetart.com.br\/baixada\/grupo-de-trabalho-sobre-adoecimento-de-bancarios-volta-a-se-reunir-no-dia-28\/","title":{"rendered":"Grupo de Trabalho sobre adoecimento de banc\u00e1rios volta a se reunir no dia 28"},"content":{"rendered":"<p>O Comando Nacional dos Banc\u00e1rios, coordenado pela Contraf-CUT e assessorado pelo Coletivo Nacional de Sa\u00fade do Trabalhador, volta a se reunir na pr\u00f3xima quinta-feira, dia 28, com a Fenaban para retomar as discuss\u00f5es do Grupo de Trabalho (GT) sobre o adoecimento da categoria. O encontro ocorre das 9h \u00e0s 12h, na sede da entidade patronal, em S\u00e3o Paulo.<\/p>\n<p>\u00a0<\/p>\n<p>A reuni\u00e3o servir\u00e1 para definir uma nova metodologia a ser adotada para a continuidade das atividades do GT. Os debates contar\u00e3o com a participa\u00e7\u00e3o de m\u00e9dicos do trabalho, psic\u00f3logos e advogados especialistas na \u00e1rea de sa\u00fade do trabalhador, indicados pelos dois lados da mesa.<\/p>\n<p>\u00a0<\/p>\n<p>\u201cA nossa perspectiva de discuss\u00e3o no GT \u00e9 avan\u00e7armos para al\u00e9m de diagn\u00f3sticos que explicam as causas dos adoecimentos e afastamentos entre os trabalhadores. Queremos discutir com o setor patronal novas propostas que mudem a atual organiza\u00e7\u00e3o do trabalho banc\u00e1rio e democratizem as rela\u00e7\u00f5es de trabalho dentro dos bancos\u201d, afirma Walcir Previtale, secret\u00e1rio de Sa\u00fade do Trabalhador da Contraf-CUT.<\/p>\n<p>\u00a0<\/p>\n<p>A cria\u00e7\u00e3o do GT foi uma das conquistas na Campanha Nacional 2013 e \u00e9 resultado da preocupa\u00e7\u00e3o dos banc\u00e1rios com o crescente n\u00famero de trabalhadores afastados por motivo de sa\u00fade.<\/p>\n<p>\u00a0<\/p>\n<p>Em 2012, 21.144 banc\u00e1rios foram oficialmente afastados de suas fun\u00e7\u00f5es pelo INSS, mas estima-se que grande parte dos pedidos de afastamentos esteja sendo negada e que o n\u00famero de banc\u00e1rios que adoecem possa chegar a 60 mil por ano em todo o Brasil.<\/p>\n<p>\u00a0<\/p>\n<p>Para Walcir, a grande reclama\u00e7\u00e3o da categoria na atualidade reside na fixa\u00e7\u00e3o e na cobran\u00e7a de metas individuais e abusivas, al\u00e9m das pr\u00e1ticas de ass\u00e9dio moral. \u201cTanto as quest\u00f5es das metas como o ass\u00e9dio moral precisam fazer parte dos debates do GT, instalado no \u00faltimo dia 7 de novembro\u201d, conclui.<\/p>\n<p>\u00a0<\/p>\n<p>\u00a0<\/p>\n<p><strong>Reuni\u00e3o preparat\u00f3ria<\/strong><\/p>\n<p>\u00a0<\/p>\n<p>Antes do GT, ser\u00e1 realizada uma reuni\u00e3o preparat\u00f3ria na quarta-feira (27), \u00e0s 14h, aberta aos dirigentes do Comando Nacional e integrantes do Coletivo Nacional de Sa\u00fade do Trabalhador, no Audit\u00f3rio Amarelo do Sindicato dos Banc\u00e1rios de S\u00e3o Paulo.<\/p>\n<p>\u00a0<\/p>\n<p>Fonte: Contraf-CUT<\/p>\n","protected":false},"excerpt":{"rendered":"<p>O Comando Nacional dos Banc\u00e1rios, coordenado pela Contraf-CUT e assessorado pelo Coletivo Nacional de Sa\u00fade do Trabalhador, volta a se reunir na pr\u00f3xima quinta-feira, dia 28, com a Fenaban para retomar as discuss\u00f5es do Grupo de Trabalho (GT) sobre o adoecimento da categoria. O encontro ocorre das 9h \u00e0s 12h, na sede da entidade patronal, [&hellip;]<\/p>\n","protected":false},"author":1,"featured_media":0,"comment_status":"","ping_status":"","sticky":false,"template":"","format":"standard","meta":{"footnotes":""},"categories":[3],"tags":[],"class_list":["post-1723","post","type-post","status-publish","format-standard","hentry","category-noticias"],"_links":{"self":[{"href":"https:\/\/hostnetart.com.br\/baixada\/wp-json\/wp\/v2\/posts\/1723","targetHints":{"allow":["GET"]}}],"collection":[{"href":"https:\/\/hostnetart.com.br\/baixada\/wp-json\/wp\/v2\/posts"}],"about":[{"href":"https:\/\/hostnetart.com.br\/baixada\/wp-json\/wp\/v2\/types\/post"}],"author":[{"embeddable":true,"href":"https:\/\/hostnetart.com.br\/baixada\/wp-json\/wp\/v2\/users\/1"}],"replies":[{"embeddable":true,"href":"https:\/\/hostnetart.com.br\/baixada\/wp-json\/wp\/v2\/comments?post=1723"}],"version-history":[{"count":0,"href":"https:\/\/hostnetart.com.br\/baixada\/wp-json\/wp\/v2\/posts\/1723\/revisions"}],"wp:attachment":[{"href":"https:\/\/hostnetart.com.br\/baixada\/wp-json\/wp\/v2\/media?parent=1723"}],"wp:term":[{"taxonomy":"category","embeddable":true,"href":"https:\/\/hostnetart.com.br\/baixada\/wp-json\/wp\/v2\/categories?post=1723"},{"taxonomy":"post_tag","embeddable":true,"href":"https:\/\/hostnetart.com.br\/baixada\/wp-json\/wp\/v2\/tags?post=1723"}],"curies":[{"name":"wp","href":"https:\/\/api.w.org\/{rel}","templated":true}]}}