{"id":17229,"date":"2026-06-12T12:18:42","date_gmt":"2026-06-12T15:18:42","guid":{"rendered":"https:\/\/hostnetart.com.br\/baixada\/36-cnfbb-vai-debater-os-desafios-dos-funcionarios-do-banco-do-brasil-e-preparar-a-campanha-nacional\/"},"modified":"2026-06-12T12:18:42","modified_gmt":"2026-06-12T15:18:42","slug":"36-cnfbb-vai-debater-os-desafios-dos-funcionarios-do-banco-do-brasil-e-preparar-a-campanha-nacional","status":"publish","type":"post","link":"https:\/\/hostnetart.com.br\/baixada\/36-cnfbb-vai-debater-os-desafios-dos-funcionarios-do-banco-do-brasil-e-preparar-a-campanha-nacional\/","title":{"rendered":"36\u00ba CNFBB vai debater os desafios dos funcion\u00e1rios do Banco do Brasil e preparar a Campanha Nacional"},"content":{"rendered":"<\/p>\n<p>Delegadas e delegados de todo o pa\u00eds participam, entre os dias 17 e 19 de junho, em S\u00e3o Paulo, do 36\u00ba Congresso Nacional dos Funcion\u00e1rios do Banco do Brasil (CNFBB). O encontro \u00e9 uma das principais inst\u00e2ncias de organiza\u00e7\u00e3o dos trabalhadores do banco e ter\u00e1 como objetivo debater os desafios da categoria, construir propostas para a defesa dos direitos dos funcion\u00e1rios e preparar a participa\u00e7\u00e3o na 28\u00aa Confer\u00eancia Nacional dos Banc\u00e1rios.<\/p>\n<p>Com o tema \u201cPelos Funcion\u00e1rios do Banco do Brasil e pelo Brasil \u2013 Mais valoriza\u00e7\u00e3o, direitos e futuro\u201d, o congresso ser\u00e1 realizado no Hotel Nacional Inn Jaragu\u00e1, na regi\u00e3o central da capital paulista. A programa\u00e7\u00e3o prev\u00ea debates sobre o papel do Banco do Brasil como banco p\u00fablico, sa\u00fade, previd\u00eancia, remunera\u00e7\u00e3o, condi\u00e7\u00f5es de trabalho, Previ e Cassi, al\u00e9m da realiza\u00e7\u00e3o da plen\u00e1ria final que aprovar\u00e1 as resolu\u00e7\u00f5es e encaminhamentos da categoria.<\/p>\n<p>Para a coordenadora da Comiss\u00e3o Nacional dos Funcion\u00e1rios do Banco do Brasil (CNFBB), Fernanda Lopes, o congresso acontece em um momento importante para a categoria e para o fortalecimento das empresas p\u00fablicas. \u201cO congresso \u00e9 o espa\u00e7o em que os funcion\u00e1rios e funcion\u00e1rias do Banco do Brasil constroem coletivamente suas prioridades e definem os rumos da luta em defesa dos direitos, da valoriza\u00e7\u00e3o e de um banco p\u00fablico forte. Vamos debater temas fundamentais, como sa\u00fade, previd\u00eancia, condi\u00e7\u00f5es de trabalho e remunera\u00e7\u00e3o, sempre com o olhar voltado para o futuro dos trabalhadores e para o papel estrat\u00e9gico do BB no desenvolvimento do pa\u00eds\u201d, destaca Fernanda.<\/p>\n<p>A dirigente ressalta que as discuss\u00f5es realizadas durante o congresso servir\u00e3o de base para a atua\u00e7\u00e3o da representa\u00e7\u00e3o dos trabalhadores nos pr\u00f3ximos per\u00edodos. \u201cAs decis\u00f5es tomadas no congresso refletem a realidade vivida pelos colegas em todo o Brasil e fortalecem nossa capacidade de negocia\u00e7\u00e3o e mobiliza\u00e7\u00e3o. \u00c9 um momento de ouvir, debater e construir propostas que atendam \u00e0s necessidades dos funcion\u00e1rios e contribuam para um Banco do Brasil cada vez mais comprometido com a sociedade brasileira\u201d, completa.<\/p>\n<p>A abertura solene ser\u00e1 realizada no dia 17 de junho, em conjunto com o 41\u00ba Congresso Nacional dos Empregados da Caixa, o 31\u00ba Congresso Nacional dos Funcion\u00e1rios do Banco do Nordeste e o 18\u00ba Congresso dos Funcion\u00e1rios do Banco da Amaz\u00f4nia, na Casa de Portugal, em S\u00e3o Paulo.<\/p>\n<p>Ao final do encontro, os participantes seguir\u00e3o para a 28\u00aa Confer\u00eancia Nacional dos Banc\u00e1rios, que ter\u00e1 in\u00edcio no dia 19 de junho, no Hotel Holiday Inn Parque Anhembi.<\/p>\n<p>\u00a0<\/p>\n<h2><strong>Programa\u00e7\u00e3o<\/strong><\/h2>\n<h3>17 de junho (quarta-feira)<\/h3>\n<p><strong>12h \u00e0s 20h<\/strong> \u2013 Credenciamento presencial de delegadas e delegados inscritos, eventuais substitui\u00e7\u00f5es por suplentes e convidados(as)<\/p>\n<p><strong>14h30<\/strong> \u2013 Leitura do manifesto da Contraf-CUT de toler\u00e2ncia zero para casos de viol\u00eancia e ass\u00e9dio e vota\u00e7\u00e3o do regimento interno do 36\u00ba Congresso Nacional dos Funcion\u00e1rios do Banco do Brasil<\/p>\n<p><strong>15h \u00e0s 16h30<\/strong> \u2013 Mesa 1: Conjuntura e papel do BB como banco p\u00fablico<\/p>\n<p><strong>17h<\/strong> \u2013 Abertura solene conjunta dos congressos dos bancos p\u00fablicos federais<\/p>\n<p><strong>20h<\/strong> \u2013 Encerramento<\/p>\n<h3>18 de junho (quinta-feira)<\/h3>\n<p><strong>8h \u00e0s 10h<\/strong> \u2013 Credenciamento presencial<\/p>\n<p><strong>9h \u00e0s 13h<\/strong> \u2013 Grupos de Trabalho:<\/p>\n<ul data-spread=\"false\">\n<li>Sa\u00fade<\/li>\n<li>Previd\u00eancia<\/li>\n<li>Remunera\u00e7\u00e3o<\/li>\n<li>Condi\u00e7\u00f5es de Trabalho<\/li>\n<\/ul>\n<p><strong>13h30 \u00e0s 14h30<\/strong> \u2013 Almo\u00e7o<\/p>\n<p><strong>14h30<\/strong> \u2013 Mesa 2: Previ<\/p>\n<p><strong>16h<\/strong> \u2013 Mesa 3: Cassi e Sa\u00fade do Trabalhador<\/p>\n<p><strong>20h \u00e0s 23h<\/strong> \u2013 Jantar<\/p>\n<h3>19 de junho (sexta-feira)<\/h3>\n<p><strong>9h \u00e0s 12h<\/strong> \u2013 Plen\u00e1ria final<\/p>\n<p><strong>13h \u00e0s 15h<\/strong> \u2013 Almo\u00e7o<\/p>\n<p><strong>17h<\/strong> \u2013 Abertura da 28\u00aa Confer\u00eancia Nacional dos Banc\u00e1rios 2026<\/p>\n<p><em>Fonte: Contraf-CUT<\/em><\/p>\n","protected":false},"excerpt":{"rendered":"<p>Delegadas e delegados de todo o pa\u00eds participam, entre os dias 17 e 19 de junho, em S\u00e3o Paulo, do 36\u00ba Congresso Nacional dos Funcion\u00e1rios do Banco do Brasil (CNFBB). O encontro \u00e9 uma das principais inst\u00e2ncias de organiza\u00e7\u00e3o dos trabalhadores do banco e ter\u00e1 como objetivo debater os desafios da categoria, construir propostas para [&hellip;]<\/p>\n","protected":false},"author":2,"featured_media":17228,"comment_status":"","ping_status":"","sticky":false,"template":"","format":"standard","meta":{"footnotes":""},"categories":[3],"tags":[],"class_list":["post-17229","post","type-post","status-publish","format-standard","has-post-thumbnail","hentry","category-noticias"],"_links":{"self":[{"href":"https:\/\/hostnetart.com.br\/baixada\/wp-json\/wp\/v2\/posts\/17229","targetHints":{"allow":["GET"]}}],"collection":[{"href":"https:\/\/hostnetart.com.br\/baixada\/wp-json\/wp\/v2\/posts"}],"about":[{"href":"https:\/\/hostnetart.com.br\/baixada\/wp-json\/wp\/v2\/types\/post"}],"author":[{"embeddable":true,"href":"https:\/\/hostnetart.com.br\/baixada\/wp-json\/wp\/v2\/users\/2"}],"replies":[{"embeddable":true,"href":"https:\/\/hostnetart.com.br\/baixada\/wp-json\/wp\/v2\/comments?post=17229"}],"version-history":[{"count":0,"href":"https:\/\/hostnetart.com.br\/baixada\/wp-json\/wp\/v2\/posts\/17229\/revisions"}],"wp:featuredmedia":[{"embeddable":true,"href":"https:\/\/hostnetart.com.br\/baixada\/wp-json\/wp\/v2\/media\/17228"}],"wp:attachment":[{"href":"https:\/\/hostnetart.com.br\/baixada\/wp-json\/wp\/v2\/media?parent=17229"}],"wp:term":[{"taxonomy":"category","embeddable":true,"href":"https:\/\/hostnetart.com.br\/baixada\/wp-json\/wp\/v2\/categories?post=17229"},{"taxonomy":"post_tag","embeddable":true,"href":"https:\/\/hostnetart.com.br\/baixada\/wp-json\/wp\/v2\/tags?post=17229"}],"curies":[{"name":"wp","href":"https:\/\/api.w.org\/{rel}","templated":true}]}}