{"id":17227,"date":"2026-06-12T12:17:44","date_gmt":"2026-06-12T15:17:44","guid":{"rendered":"https:\/\/hostnetart.com.br\/baixada\/41-conecef-vai-debater-os-desafios-das-empregadas-e-dos-empregados-da-caixa-e-preparar-a-campanha-nacional\/"},"modified":"2026-06-12T12:17:44","modified_gmt":"2026-06-12T15:17:44","slug":"41-conecef-vai-debater-os-desafios-das-empregadas-e-dos-empregados-da-caixa-e-preparar-a-campanha-nacional","status":"publish","type":"post","link":"https:\/\/hostnetart.com.br\/baixada\/41-conecef-vai-debater-os-desafios-das-empregadas-e-dos-empregados-da-caixa-e-preparar-a-campanha-nacional\/","title":{"rendered":"41\u00ba Conecef vai debater os desafios das empregadas e dos empregados da Caixa e preparar a Campanha Nacional"},"content":{"rendered":"<\/p>\n<p>As empregadas e os empregados da Caixa Econ\u00f4mica Federal t\u00eam um encontro marcado com o futuro do banco e da categoria. Entre os dias 17 e 19 de junho, ser\u00e1 realizado, em S\u00e3o Paulo, o <strong>41\u00ba Congresso Nacional dos Empregados da Caixa (Conecef)<\/strong>, principal f\u00f3rum nacional de debates e delibera\u00e7\u00f5es dos trabalhadores do banco.<\/p>\n<p>O congresso, que ocorrer\u00e1 em formato presencial, no Hotel Jaragu\u00e1 Nacional Inn, foi precedido por encontros estaduais e regionais, nos quais foram discutidas e encaminhadas propostas para aprova\u00e7\u00e3o na etapa nacional. Entre os temas definidos para os debates est\u00e3o <strong>Sa\u00fade Caixa, sa\u00fade e condi\u00e7\u00f5es de trabalho, remunera\u00e7\u00e3o e carreira, al\u00e9m da defesa da Caixa e da Funcef<\/strong>.<\/p>\n<p>Para o coordenador da Comiss\u00e3o Executiva dos Empregados (CEE) da Caixa, Felipe Pacheco, o Conecef \u00e9 um espa\u00e7o fundamental para a constru\u00e7\u00e3o coletiva das pautas que ser\u00e3o defendidas pelo movimento sindical.<\/p>\n<p>\u201cO Conecef \u00e9 o momento em que as empregadas e os empregados da Caixa, de todas as regi\u00f5es do pa\u00eds, avaliam a realidade do banco, debatem os desafios da categoria e constroem, de forma democr\u00e1tica, as propostas que orientar\u00e3o nossa atua\u00e7\u00e3o. \u00c9 fundamental que todos participem dos debates em seus estados e contribuam para fortalecer a defesa da Caixa p\u00fablica, dos direitos dos trabalhadores e de melhores condi\u00e7\u00f5es de trabalho\u201d, afirma.<\/p>\n<p>O 41\u00ba Conecef integra o processo de organiza\u00e7\u00e3o da Campanha Nacional dos Banc\u00e1rios e ser\u00e1 decisivo para a defini\u00e7\u00e3o das prioridades de luta das empregadas e dos empregados da Caixa nos pr\u00f3ximos meses.<\/p>\n<h2><strong>Veja a programa\u00e7\u00e3o do 41\u00ba Conecef<\/strong><\/h2>\n<p><em>(sujeita a altera\u00e7\u00f5es)<\/em><\/p>\n<p><strong>17 de junho de 2026 I quarta-feira<\/strong><br \/><strong>14h I<\/strong> Leitura do manifesto da Contraf-CUT de toler\u00e2ncia zero para casos de viol\u00eancia e ass\u00e9dio; vota\u00e7\u00e3o do regimento interno do 41\u00ba Congresso Nacional dos Empregados da Caixa e apresenta\u00e7\u00e3o de teses<br \/><strong>15h \u2013 16h30 I<\/strong> Mesa 1 \u2013 Sistema Financeiro Nacional e Conjuntura Pol\u00edtica<br \/><strong>17h I<\/strong> Abertura solene conjunta do 41\u00ba Congresso Nacional dos Empregados da Caixa; 36\u00ba Congresso Nacional dos Funcion\u00e1rios do Banco do Brasil; 31\u00ba Congresso Nacional dos Funcion\u00e1rios do Banco do Nordeste do Brasil e 18\u00ba Congresso dos Funcion\u00e1rios do Banco da Amaz\u00f4nia<\/p>\n<p><strong>18 de junho de 2026 I quinta-feira<\/strong><br \/><strong>9h \u2013 11h30 I<\/strong> Mesa 2 \u2013 Sa\u00fade Caixa e Condi\u00e7\u00f5es de Trabalho<\/p>\n<p><strong>12h \u2013 13h I<\/strong> Intervalo \u2013 Almo\u00e7o<\/p>\n<p><strong>13h \u2013 15h I<\/strong> Mesa 3 \u2013 Carreira e Remunera\u00e7\u00e3o Vari\u00e1vel<\/p>\n<p><strong>15h I<\/strong> Grupos de Trabalho<br \/>\u2022\u00a0\u00a0 \u00a0Sa\u00fade Caixa;<br \/>\u2022\u00a0\u00a0 \u00a0Sa\u00fade e Condi\u00e7\u00f5es de Trabalho;<br \/>\u2022\u00a0\u00a0 \u00a0Remunera\u00e7\u00e3o e Carreira; e<br \/>\u2022\u00a0\u00a0 \u00a0Defesa da Caixa e Funcef<\/p>\n<p><strong>19 de junho de 2026 I sexta-feira<\/strong><br \/><strong>9h \u2013 12h I<\/strong> Plen\u00e1ria final<\/p>\n<p><strong>13h \u2013 15h I<\/strong> Almo\u00e7o<\/p>\n<p><strong>17h I<\/strong> Abertura da <strong>28\u00aa Confer\u00eancia Nacional dos Banc\u00e1rios 2025<\/strong>, no Hotel Holiday Inn Parque Anhembi<\/p>\n<p><em>Fonte: Contraf-CUT<\/em><\/p>\n","protected":false},"excerpt":{"rendered":"<p>As empregadas e os empregados da Caixa Econ\u00f4mica Federal t\u00eam um encontro marcado com o futuro do banco e da categoria. Entre os dias 17 e 19 de junho, ser\u00e1 realizado, em S\u00e3o Paulo, o 41\u00ba Congresso Nacional dos Empregados da Caixa (Conecef), principal f\u00f3rum nacional de debates e delibera\u00e7\u00f5es dos trabalhadores do banco. O [&hellip;]<\/p>\n","protected":false},"author":2,"featured_media":17226,"comment_status":"","ping_status":"","sticky":false,"template":"","format":"standard","meta":{"footnotes":""},"categories":[3],"tags":[],"class_list":["post-17227","post","type-post","status-publish","format-standard","has-post-thumbnail","hentry","category-noticias"],"_links":{"self":[{"href":"https:\/\/hostnetart.com.br\/baixada\/wp-json\/wp\/v2\/posts\/17227","targetHints":{"allow":["GET"]}}],"collection":[{"href":"https:\/\/hostnetart.com.br\/baixada\/wp-json\/wp\/v2\/posts"}],"about":[{"href":"https:\/\/hostnetart.com.br\/baixada\/wp-json\/wp\/v2\/types\/post"}],"author":[{"embeddable":true,"href":"https:\/\/hostnetart.com.br\/baixada\/wp-json\/wp\/v2\/users\/2"}],"replies":[{"embeddable":true,"href":"https:\/\/hostnetart.com.br\/baixada\/wp-json\/wp\/v2\/comments?post=17227"}],"version-history":[{"count":0,"href":"https:\/\/hostnetart.com.br\/baixada\/wp-json\/wp\/v2\/posts\/17227\/revisions"}],"wp:featuredmedia":[{"embeddable":true,"href":"https:\/\/hostnetart.com.br\/baixada\/wp-json\/wp\/v2\/media\/17226"}],"wp:attachment":[{"href":"https:\/\/hostnetart.com.br\/baixada\/wp-json\/wp\/v2\/media?parent=17227"}],"wp:term":[{"taxonomy":"category","embeddable":true,"href":"https:\/\/hostnetart.com.br\/baixada\/wp-json\/wp\/v2\/categories?post=17227"},{"taxonomy":"post_tag","embeddable":true,"href":"https:\/\/hostnetart.com.br\/baixada\/wp-json\/wp\/v2\/tags?post=17227"}],"curies":[{"name":"wp","href":"https:\/\/api.w.org\/{rel}","templated":true}]}}