{"id":17223,"date":"2026-06-11T12:54:13","date_gmt":"2026-06-11T15:54:13","guid":{"rendered":"https:\/\/hostnetart.com.br\/baixada\/funcionarios-do-banco-do-brasil-receberao-ligacao-para-participar-de-pesquisa-da-campanha-nacional-2026\/"},"modified":"2026-06-11T12:54:13","modified_gmt":"2026-06-11T15:54:13","slug":"funcionarios-do-banco-do-brasil-receberao-ligacao-para-participar-de-pesquisa-da-campanha-nacional-2026","status":"publish","type":"post","link":"https:\/\/hostnetart.com.br\/baixada\/funcionarios-do-banco-do-brasil-receberao-ligacao-para-participar-de-pesquisa-da-campanha-nacional-2026\/","title":{"rendered":"Funcion\u00e1rios do Banco do Brasil receber\u00e3o liga\u00e7\u00e3o para participar de pesquisa da Campanha Nacional 2026"},"content":{"rendered":"<\/p>\n<p>Funcion\u00e1rias e funcion\u00e1rios do Banco do Brasil come\u00e7ar\u00e3o a receber, nos pr\u00f3ximos dias, liga\u00e7\u00f5es telef\u00f4nicas para participar de uma pesquisa nacional promovida pela Confedera\u00e7\u00e3o Nacional dos Trabalhadores do Ramo Financeiro (Contraf-CUT), em parceria com o Instituto Simplex. O objetivo \u00e9 aprofundar o conhecimento sobre as principais demandas da categoria e fortalecer a atua\u00e7\u00e3o das entidades sindicais durante a Campanha Nacional dos Banc\u00e1rios 2026.<\/p>\n<p>A pesquisa buscar\u00e1 identificar as percep\u00e7\u00f5es dos trabalhadores sobre temas como condi\u00e7\u00f5es de trabalho, sa\u00fade, carreira, remunera\u00e7\u00e3o, diversidade, tecnologia, Cassi, Previ e os desafios enfrentados atualmente pelos funcion\u00e1rios do banco.<\/p>\n<p>Segundo o secret\u00e1rio-geral da Contraf-CUT, Gustavo Tabatingaa iniciativa permitir\u00e1 que as entidades tenham um retrato mais preciso da realidade vivida pelos colegas em todo o pa\u00eds. \u201cA negocia\u00e7\u00e3o coletiva precisa estar conectada com aquilo que os funcion\u00e1rios vivenciam diariamente. A pesquisa ser\u00e1 uma ferramenta importante para identificar prioridades e orientar a atua\u00e7\u00e3o das entidades sindicais na Campanha Nacional de 2026\u201d, afirma.<\/p>\n<p>De acordo com o dirigente, as respostas servir\u00e3o de subs\u00eddio para a defini\u00e7\u00e3o das estrat\u00e9gias de negocia\u00e7\u00e3o e para a constru\u00e7\u00e3o de uma pauta cada vez mais alinhada \u00e0s necessidades dos trabalhadores. \u201c\u00c9 fundamental que os colegas atendam \u00e0 liga\u00e7\u00e3o e participem. Quanto maior for o n\u00famero de respostas, mais representativo ser\u00e1 o resultado e mais for\u00e7a teremos para defender as reivindica\u00e7\u00f5es dos funcion\u00e1rios nas mesas de negocia\u00e7\u00e3o com o banco\u201d, destaca.<\/p>\n<p>A pesquisa tamb\u00e9m permitir\u00e1 analisar diferentes realidades dentro do BB, considerando aspectos como local de trabalho, fun\u00e7\u00e3o exercida, tempo de banco, jornada, faixa et\u00e1ria e regi\u00e3o do pa\u00eds.<\/p>\n<p>A orienta\u00e7\u00e3o das entidades \u00e9 que todos os funcion\u00e1rios que receberem a liga\u00e7\u00e3o reservem alguns minutos para responder ao question\u00e1rio. As informa\u00e7\u00f5es coletadas ser\u00e3o tratadas de forma confidencial e utilizadas exclusivamente para subsidiar a atua\u00e7\u00e3o sindical durante a Campanha Nacional dos Banc\u00e1rios 2026.<\/p>\n<p><em>Fonte: Contraf-CUT<\/em><\/p>\n","protected":false},"excerpt":{"rendered":"<p>Funcion\u00e1rias e funcion\u00e1rios do Banco do Brasil come\u00e7ar\u00e3o a receber, nos pr\u00f3ximos dias, liga\u00e7\u00f5es telef\u00f4nicas para participar de uma pesquisa nacional promovida pela Confedera\u00e7\u00e3o Nacional dos Trabalhadores do Ramo Financeiro (Contraf-CUT), em parceria com o Instituto Simplex. O objetivo \u00e9 aprofundar o conhecimento sobre as principais demandas da categoria e fortalecer a atua\u00e7\u00e3o das entidades [&hellip;]<\/p>\n","protected":false},"author":2,"featured_media":17222,"comment_status":"","ping_status":"","sticky":false,"template":"","format":"standard","meta":{"footnotes":""},"categories":[3],"tags":[],"class_list":["post-17223","post","type-post","status-publish","format-standard","has-post-thumbnail","hentry","category-noticias"],"_links":{"self":[{"href":"https:\/\/hostnetart.com.br\/baixada\/wp-json\/wp\/v2\/posts\/17223","targetHints":{"allow":["GET"]}}],"collection":[{"href":"https:\/\/hostnetart.com.br\/baixada\/wp-json\/wp\/v2\/posts"}],"about":[{"href":"https:\/\/hostnetart.com.br\/baixada\/wp-json\/wp\/v2\/types\/post"}],"author":[{"embeddable":true,"href":"https:\/\/hostnetart.com.br\/baixada\/wp-json\/wp\/v2\/users\/2"}],"replies":[{"embeddable":true,"href":"https:\/\/hostnetart.com.br\/baixada\/wp-json\/wp\/v2\/comments?post=17223"}],"version-history":[{"count":0,"href":"https:\/\/hostnetart.com.br\/baixada\/wp-json\/wp\/v2\/posts\/17223\/revisions"}],"wp:featuredmedia":[{"embeddable":true,"href":"https:\/\/hostnetart.com.br\/baixada\/wp-json\/wp\/v2\/media\/17222"}],"wp:attachment":[{"href":"https:\/\/hostnetart.com.br\/baixada\/wp-json\/wp\/v2\/media?parent=17223"}],"wp:term":[{"taxonomy":"category","embeddable":true,"href":"https:\/\/hostnetart.com.br\/baixada\/wp-json\/wp\/v2\/categories?post=17223"},{"taxonomy":"post_tag","embeddable":true,"href":"https:\/\/hostnetart.com.br\/baixada\/wp-json\/wp\/v2\/tags?post=17223"}],"curies":[{"name":"wp","href":"https:\/\/api.w.org\/{rel}","templated":true}]}}