{"id":17217,"date":"2026-06-09T16:43:29","date_gmt":"2026-06-09T19:43:29","guid":{"rendered":"https:\/\/hostnetart.com.br\/baixada\/movimento-sindical-vai-realizar-pesquisa-com-empregados-da-caixa-para-fortalecer-negociacoes-da-campanha-nacional-2026\/"},"modified":"2026-06-09T16:43:29","modified_gmt":"2026-06-09T19:43:29","slug":"movimento-sindical-vai-realizar-pesquisa-com-empregados-da-caixa-para-fortalecer-negociacoes-da-campanha-nacional-2026","status":"publish","type":"post","link":"https:\/\/hostnetart.com.br\/baixada\/movimento-sindical-vai-realizar-pesquisa-com-empregados-da-caixa-para-fortalecer-negociacoes-da-campanha-nacional-2026\/","title":{"rendered":"Movimento Sindical vai realizar pesquisa com empregados da Caixa para fortalecer negocia\u00e7\u00f5es da Campanha Nacional 2026"},"content":{"rendered":"<p>A Confedera\u00e7\u00e3o Nacional dos Trabalhadores do Ramo Financeiro (Contraf-CUT) realizar\u00e1 uma pesquisa nacional com empregadas e empregados da Caixa Econ\u00f4mica Federal para aprofundar o conhecimento sobre as principais demandas da categoria e fortalecer a atua\u00e7\u00e3o das entidades sindicais durante a Campanha Nacional dos Banc\u00e1rios 2026.<\/p>\n<p>Segundo o secret\u00e1rio-geral da Contraf-CUT, Gustavo Tabatinga, trata-se de uma ferramenta importante para aproximar ainda mais a atua\u00e7\u00e3o sindical da realidade vivida pelos trabalhadores.<\/p>\n<p>\u201cA negocia\u00e7\u00e3o coletiva precisa estar conectada com aquilo que os empregados e empregadas vivenciam todos os dias. Esta pesquisa vai nos ajudar a compreender melhor quais s\u00e3o as prioridades do pessoal da Caixa neste momento e quais temas exigem maior aten\u00e7\u00e3o das entidades sindicais durante a Campanha Nacional dos Banc\u00e1rios de 2026\u201d, afirma.<\/p>\n<p>De acordo com Tabatinga, os resultados servir\u00e3o como subs\u00eddio para a constru\u00e7\u00e3o das estrat\u00e9gias de negocia\u00e7\u00e3o e para o aprimoramento das a\u00e7\u00f5es desenvolvidas pela Contraf-CUT, pela Comiss\u00e3o Executiva dos Empregados (CEE) da Caixa e pelas demais entidades representativas.<\/p>\n<p>\u201cQuanto maior a participa\u00e7\u00e3o dos colegas, mais preciso ser\u00e1 o diagn\u00f3stico do que pensa o pessoal da Caixa. Isso fortalece nossa capacidade de negocia\u00e7\u00e3o junto ao banco e contribui para que as reivindica\u00e7\u00f5es apresentadas estejam alinhadas \u00e0s necessidades reais dos empregados\u201d, destaca.<\/p>\n<p>A pesquisa tamb\u00e9m permitir\u00e1 identificar diferen\u00e7as de percep\u00e7\u00e3o entre segmentos espec\u00edficos, considerando aspectos como tempo de banco, fun\u00e7\u00e3o exercida, local de lota\u00e7\u00e3o, jornada de trabalho, faixa et\u00e1ria e regi\u00e3o do pa\u00eds.<\/p>\n<p>Para a Contraf-CUT, ouvir diretamente os trabalhadores \u00e9 fundamental em um momento em que temas como o fortalecimento do Sa\u00fade Caixa, a melhoria das condi\u00e7\u00f5es de trabalho, o combate ao ass\u00e9dio, a valoriza\u00e7\u00e3o profissional e a sustentabilidade dos programas de remunera\u00e7\u00e3o vari\u00e1vel est\u00e3o entre os principais desafios enfrentados pelos empregados da institui\u00e7\u00e3o.<\/p>\n<p>A orienta\u00e7\u00e3o \u00e9 que todos os empregados e empregadas da Caixa participem da pesquisa. A participa\u00e7\u00e3o poder\u00e1 ser realizada at\u00e9 o dia 19 de junho. As informa\u00e7\u00f5es coletadas ser\u00e3o utilizadas para orientar a atua\u00e7\u00e3o das entidades sindicais e contribuir para a constru\u00e7\u00e3o de uma pauta cada vez mais representativa dos interesses da categoria.<\/p>\n<p><strong>Para participar da pesquisa, acesse o link que ser\u00e1 enviado por e-mail e responda o question\u00e1rio.<\/strong><\/p>\n<p><em>Fonte: Contraf-CUT<\/em><\/p>\n","protected":false},"excerpt":{"rendered":"<p>A Confedera\u00e7\u00e3o Nacional dos Trabalhadores do Ramo Financeiro (Contraf-CUT) realizar\u00e1 uma pesquisa nacional com empregadas e empregados da Caixa Econ\u00f4mica Federal para aprofundar o conhecimento sobre as principais demandas da categoria e fortalecer a atua\u00e7\u00e3o das entidades sindicais durante a Campanha Nacional dos Banc\u00e1rios 2026. Segundo o secret\u00e1rio-geral da Contraf-CUT, Gustavo Tabatinga, trata-se de uma [&hellip;]<\/p>\n","protected":false},"author":2,"featured_media":17216,"comment_status":"","ping_status":"","sticky":false,"template":"","format":"standard","meta":{"footnotes":""},"categories":[3],"tags":[],"class_list":["post-17217","post","type-post","status-publish","format-standard","has-post-thumbnail","hentry","category-noticias"],"_links":{"self":[{"href":"https:\/\/hostnetart.com.br\/baixada\/wp-json\/wp\/v2\/posts\/17217","targetHints":{"allow":["GET"]}}],"collection":[{"href":"https:\/\/hostnetart.com.br\/baixada\/wp-json\/wp\/v2\/posts"}],"about":[{"href":"https:\/\/hostnetart.com.br\/baixada\/wp-json\/wp\/v2\/types\/post"}],"author":[{"embeddable":true,"href":"https:\/\/hostnetart.com.br\/baixada\/wp-json\/wp\/v2\/users\/2"}],"replies":[{"embeddable":true,"href":"https:\/\/hostnetart.com.br\/baixada\/wp-json\/wp\/v2\/comments?post=17217"}],"version-history":[{"count":0,"href":"https:\/\/hostnetart.com.br\/baixada\/wp-json\/wp\/v2\/posts\/17217\/revisions"}],"wp:featuredmedia":[{"embeddable":true,"href":"https:\/\/hostnetart.com.br\/baixada\/wp-json\/wp\/v2\/media\/17216"}],"wp:attachment":[{"href":"https:\/\/hostnetart.com.br\/baixada\/wp-json\/wp\/v2\/media?parent=17217"}],"wp:term":[{"taxonomy":"category","embeddable":true,"href":"https:\/\/hostnetart.com.br\/baixada\/wp-json\/wp\/v2\/categories?post=17217"},{"taxonomy":"post_tag","embeddable":true,"href":"https:\/\/hostnetart.com.br\/baixada\/wp-json\/wp\/v2\/tags?post=17217"}],"curies":[{"name":"wp","href":"https:\/\/api.w.org\/{rel}","templated":true}]}}