{"id":17209,"date":"2026-06-08T12:54:15","date_gmt":"2026-06-08T15:54:15","guid":{"rendered":"https:\/\/hostnetart.com.br\/baixada\/novos-dirigentes-tomam-posse-na-previ-e-reforcam-compromisso-com-a-governanca-da-entidade\/"},"modified":"2026-06-08T12:54:15","modified_gmt":"2026-06-08T15:54:15","slug":"novos-dirigentes-tomam-posse-na-previ-e-reforcam-compromisso-com-a-governanca-da-entidade","status":"publish","type":"post","link":"https:\/\/hostnetart.com.br\/baixada\/novos-dirigentes-tomam-posse-na-previ-e-reforcam-compromisso-com-a-governanca-da-entidade\/","title":{"rendered":"Novos dirigentes tomam posse na Previ e refor\u00e7am compromisso com a governan\u00e7a da entidade"},"content":{"rendered":"<p>A Previ realizou, na segunda-feira (1\u00ba), a cerim\u00f4nia de posse dos novos diretores e conselheiros eleitos pelos associados e dos representantes indicados pelo Banco do Brasil para o mandato 2026-2030. A renova\u00e7\u00e3o dos colegiados refor\u00e7a o modelo de governan\u00e7a parit\u00e1ria da entidade, uma das principais conquistas dos funcion\u00e1rios do BB e refer\u00eancia no sistema de previd\u00eancia complementar fechada do pa\u00eds.<\/p>\n<p>No processo eleitoral encerrado em abril, os associados elegeram Alencar Ferreira para a Diretoria de Administra\u00e7\u00e3o e Lissane Holanda para a Diretoria de Planejamento. Tamb\u00e9m foram escolhidos representantes para os Conselhos Deliberativo e Fiscal e para os Conselhos Consultivos dos planos Previ Futuro e Plano 1.<\/p>\n<p>O diretor de Administra\u00e7\u00e3o eleito, Alencar Ferreira, ressaltou a import\u00e2ncia do di\u00e1logo com as entidades representativas dos trabalhadores. \u201cVamos manter um relacionamento permanente com as entidades sindicais, que s\u00e3o um elo importante para chegarmos aos mais de 190 mil associados e associadas da Previ. A governan\u00e7a da Previ e a gest\u00e3o parit\u00e1ria s\u00e3o fundamentais para a prote\u00e7\u00e3o e a seguran\u00e7a de todos n\u00f3s. Preservar esse modelo \u00e9 garantir uma entidade cada vez mais forte, transparente e comprometida com seus participantes\u201d, destacou.<\/p>\n<p>Para a diretora de Planejamento eleita, Lissane Holanda, a posse marca o in\u00edcio de um novo ciclo constru\u00eddo a partir da participa\u00e7\u00e3o democr\u00e1tica dos associados. \u201cEssa conquista \u00e9 fruto de uma constru\u00e7\u00e3o coletiva que reuniu trabalhadores da ativa, aposentados e apoiadores de todas as regi\u00f5es do pa\u00eds. A democracia esteve no centro desse processo e o resultado das urnas deve sempre ser respeitado. Assumo esta responsabilidade com absoluto compromisso com os participantes, com a gest\u00e3o compartilhada e com a defesa de uma Previ cada vez mais forte, transparente e voltada ao interesse coletivo dos seus associados\u201d, destacou.<\/p>\n<p>Durante a cerim\u00f4nia, foram homenageados os dirigentes e conselheiros que encerraram seus mandatos, entre eles os ex-diretores Paula Goto e M\u00e1rcio de Souza, que destacaram os avan\u00e7os alcan\u00e7ados ao longo dos \u00faltimos oito anos.<br \/>\u00a0<\/p>\n<p>\u00a0<\/p>\n<h2><strong>Participa\u00e7\u00e3o dos associados fortalece a Previ<\/strong><\/h2>\n<p>Para a coordenadora da Comiss\u00e3o de Empresa dos Funcion\u00e1rios do Banco do Brasil (CEBB), Fernanda Lopes, a posse dos novos dirigentes representa a continuidade de um modelo de gest\u00e3o que tem na participa\u00e7\u00e3o dos associados um dos seus principais pilares. \u201cA Previ \u00e9 uma conquista hist\u00f3rica dos funcion\u00e1rios do Banco do Brasil. A participa\u00e7\u00e3o dos associados na escolha de seus representantes fortalece a governan\u00e7a da entidade e garante que as decis\u00f5es sejam tomadas com foco na defesa dos interesses dos participantes, na sustentabilidade dos planos e na prote\u00e7\u00e3o do patrim\u00f4nio constru\u00eddo ao longo de gera\u00e7\u00f5es\u201d, destacou.<\/p>\n<p>Fernanda tamb\u00e9m ressaltou a import\u00e2ncia do compromisso assumido pelos novos dirigentes diante dos desafios do cen\u00e1rio econ\u00f4mico e previdenci\u00e1rio. \u201cOs representantes que tomam posse assumem uma grande responsabilidade. \u00c9 fundamental preservar o modelo de gest\u00e3o compartilhada, ampliar a transpar\u00eancia e manter a Previ como refer\u00eancia em governan\u00e7a, rentabilidade e seguran\u00e7a para os trabalhadores da ativa e aposentados\u201d, afirmou.<\/p>\n<p>\u00a0<\/p>\n<p>Modelo de governan\u00e7a \u00e9 refer\u00eancia<\/p>\n<p>A Previ completou 122 anos mantendo um modelo de governan\u00e7a considerado refer\u00eancia no segmento de previd\u00eancia complementar. Em todos os seus colegiados, h\u00e1 composi\u00e7\u00e3o parit\u00e1ria entre representantes eleitos pelos associados e indicados pelo patrocinador, o que assegura equil\u00edbrio nas decis\u00f5es e amplia a participa\u00e7\u00e3o dos trabalhadores na administra\u00e7\u00e3o da entidade.<\/p>\n<p>Fiscalizada pela Superintend\u00eancia Nacional de Previd\u00eancia Complementar (Previc), a Previ \u00e9 reconhecida pela ado\u00e7\u00e3o de pr\u00e1ticas de governan\u00e7a, transpar\u00eancia e compliance que superam as exig\u00eancias legais do setor.<\/p>\n<p>Para as entidades representativas dos funcion\u00e1rios do Banco do Brasil, a manuten\u00e7\u00e3o desse modelo \u00e9 fundamental para garantir a solidez da entidade, a prote\u00e7\u00e3o dos recursos dos participantes e a seguran\u00e7a dos benef\u00edcios presentes e futuros dos associados.<\/p>\n<p><strong>Fonte: Contraf-CUT<\/strong><\/p>\n","protected":false},"excerpt":{"rendered":"<p>A Previ realizou, na segunda-feira (1\u00ba), a cerim\u00f4nia de posse dos novos diretores e conselheiros eleitos pelos associados e dos representantes indicados pelo Banco do Brasil para o mandato 2026-2030. A renova\u00e7\u00e3o dos colegiados refor\u00e7a o modelo de governan\u00e7a parit\u00e1ria da entidade, uma das principais conquistas dos funcion\u00e1rios do BB e refer\u00eancia no sistema de [&hellip;]<\/p>\n","protected":false},"author":2,"featured_media":17208,"comment_status":"","ping_status":"","sticky":false,"template":"","format":"standard","meta":{"footnotes":""},"categories":[3],"tags":[],"class_list":["post-17209","post","type-post","status-publish","format-standard","has-post-thumbnail","hentry","category-noticias"],"_links":{"self":[{"href":"https:\/\/hostnetart.com.br\/baixada\/wp-json\/wp\/v2\/posts\/17209","targetHints":{"allow":["GET"]}}],"collection":[{"href":"https:\/\/hostnetart.com.br\/baixada\/wp-json\/wp\/v2\/posts"}],"about":[{"href":"https:\/\/hostnetart.com.br\/baixada\/wp-json\/wp\/v2\/types\/post"}],"author":[{"embeddable":true,"href":"https:\/\/hostnetart.com.br\/baixada\/wp-json\/wp\/v2\/users\/2"}],"replies":[{"embeddable":true,"href":"https:\/\/hostnetart.com.br\/baixada\/wp-json\/wp\/v2\/comments?post=17209"}],"version-history":[{"count":0,"href":"https:\/\/hostnetart.com.br\/baixada\/wp-json\/wp\/v2\/posts\/17209\/revisions"}],"wp:featuredmedia":[{"embeddable":true,"href":"https:\/\/hostnetart.com.br\/baixada\/wp-json\/wp\/v2\/media\/17208"}],"wp:attachment":[{"href":"https:\/\/hostnetart.com.br\/baixada\/wp-json\/wp\/v2\/media?parent=17209"}],"wp:term":[{"taxonomy":"category","embeddable":true,"href":"https:\/\/hostnetart.com.br\/baixada\/wp-json\/wp\/v2\/categories?post=17209"},{"taxonomy":"post_tag","embeddable":true,"href":"https:\/\/hostnetart.com.br\/baixada\/wp-json\/wp\/v2\/tags?post=17209"}],"curies":[{"name":"wp","href":"https:\/\/api.w.org\/{rel}","templated":true}]}}