{"id":17207,"date":"2026-06-08T12:53:08","date_gmt":"2026-06-08T15:53:08","guid":{"rendered":"https:\/\/hostnetart.com.br\/baixada\/coe-denuncia-demissoes-em-massa-no-santander-e-cobra-suspensao-imediata\/"},"modified":"2026-06-08T12:53:08","modified_gmt":"2026-06-08T15:53:08","slug":"coe-denuncia-demissoes-em-massa-no-santander-e-cobra-suspensao-imediata","status":"publish","type":"post","link":"https:\/\/hostnetart.com.br\/baixada\/coe-denuncia-demissoes-em-massa-no-santander-e-cobra-suspensao-imediata\/","title":{"rendered":"COE denuncia demiss\u00f5es em massa no Santander e cobra suspens\u00e3o imediata"},"content":{"rendered":"<p>A Comiss\u00e3o de Organiza\u00e7\u00e3o dos Empregados (COE) do Santander cobrou, nesta quarta-feira (3), do banco a suspens\u00e3o imediata de um processo de demiss\u00f5es em massa que estaria atingindo trabalhadores em diversas regi\u00f5es do pa\u00eds. A representa\u00e7\u00e3o dos empregados encaminhou manifesta\u00e7\u00e3o formal \u00e0 dire\u00e7\u00e3o da institui\u00e7\u00e3o ap\u00f3s receber relatos de desligamentos realizados nesta ter\u00e7a-feira (2), especialmente envolvendo trabalhadores do cargo de Especialista de Atendimento.<\/p>\n<p>Segundo a COE, os desligamentos ocorreram sem qualquer comunica\u00e7\u00e3o pr\u00e9via ou negocia\u00e7\u00e3o com a representa\u00e7\u00e3o dos trabalhadores, desrespeitando o compromisso de di\u00e1logo permanente estabelecido entre as partes por meio do Comit\u00ea de Rela\u00e7\u00f5es Trabalhistas, previsto no Acordo Coletivo de Trabalho (ACT).<\/p>\n<p>A preocupa\u00e7\u00e3o da representa\u00e7\u00e3o dos trabalhadores \u00e9 ainda maior porque o tema foi levado \u00e0 mesa de negocia\u00e7\u00e3o na \u00faltima reuni\u00e3o com o banco, realizada em 13 de maio. Na ocasi\u00e3o, a COE questionou rumores sobre a extin\u00e7\u00e3o do cargo de Especialista de Atendimento. De acordo com os representantes dos empregados, o negociador do Santander afirmou categoricamente que n\u00e3o havia qualquer processo de extin\u00e7\u00e3o do cargo e que eventuais movimenta\u00e7\u00f5es seriam pontuais.<\/p>\n<p>Para a coordenadora da COE Santander, Ana Marta Lima, \u201co banco precisa esclarecer imediatamente o que est\u00e1 acontecendo e interromper os desligamentos\u201d. Ela destaca ainda que \u201ca ado\u00e7\u00e3o de medidas dessa natureza sem di\u00e1logo pr\u00e9vio tamb\u00e9m contraria o entendimento consolidado pelo Supremo Tribunal Federal (STF), que reconhece a necessidade de participa\u00e7\u00e3o das entidades representativas dos trabalhadores em processos de dispensa coletiva\u201d.<\/p>\n<p>A COE aguarda uma manifesta\u00e7\u00e3o formal do Santander e refor\u00e7a que continuar\u00e1 acompanhando o caso e adotando todas as medidas necess\u00e1rias para defender os empregos, o respeito \u00e0 negocia\u00e7\u00e3o coletiva e os direitos dos trabalhadores do banco.<\/p>\n<p><strong>Fonte: Contraf-CUT<\/strong><\/p>\n","protected":false},"excerpt":{"rendered":"<p>A Comiss\u00e3o de Organiza\u00e7\u00e3o dos Empregados (COE) do Santander cobrou, nesta quarta-feira (3), do banco a suspens\u00e3o imediata de um processo de demiss\u00f5es em massa que estaria atingindo trabalhadores em diversas regi\u00f5es do pa\u00eds. A representa\u00e7\u00e3o dos empregados encaminhou manifesta\u00e7\u00e3o formal \u00e0 dire\u00e7\u00e3o da institui\u00e7\u00e3o ap\u00f3s receber relatos de desligamentos realizados nesta ter\u00e7a-feira (2), especialmente [&hellip;]<\/p>\n","protected":false},"author":2,"featured_media":17206,"comment_status":"","ping_status":"","sticky":false,"template":"","format":"standard","meta":{"footnotes":""},"categories":[3],"tags":[],"class_list":["post-17207","post","type-post","status-publish","format-standard","has-post-thumbnail","hentry","category-noticias"],"_links":{"self":[{"href":"https:\/\/hostnetart.com.br\/baixada\/wp-json\/wp\/v2\/posts\/17207","targetHints":{"allow":["GET"]}}],"collection":[{"href":"https:\/\/hostnetart.com.br\/baixada\/wp-json\/wp\/v2\/posts"}],"about":[{"href":"https:\/\/hostnetart.com.br\/baixada\/wp-json\/wp\/v2\/types\/post"}],"author":[{"embeddable":true,"href":"https:\/\/hostnetart.com.br\/baixada\/wp-json\/wp\/v2\/users\/2"}],"replies":[{"embeddable":true,"href":"https:\/\/hostnetart.com.br\/baixada\/wp-json\/wp\/v2\/comments?post=17207"}],"version-history":[{"count":0,"href":"https:\/\/hostnetart.com.br\/baixada\/wp-json\/wp\/v2\/posts\/17207\/revisions"}],"wp:featuredmedia":[{"embeddable":true,"href":"https:\/\/hostnetart.com.br\/baixada\/wp-json\/wp\/v2\/media\/17206"}],"wp:attachment":[{"href":"https:\/\/hostnetart.com.br\/baixada\/wp-json\/wp\/v2\/media?parent=17207"}],"wp:term":[{"taxonomy":"category","embeddable":true,"href":"https:\/\/hostnetart.com.br\/baixada\/wp-json\/wp\/v2\/categories?post=17207"},{"taxonomy":"post_tag","embeddable":true,"href":"https:\/\/hostnetart.com.br\/baixada\/wp-json\/wp\/v2\/tags?post=17207"}],"curies":[{"name":"wp","href":"https:\/\/api.w.org\/{rel}","templated":true}]}}