{"id":1720,"date":"2013-11-19T00:00:00","date_gmt":"2013-11-19T02:00:00","guid":{"rendered":"https:\/\/hostnetart.com.br\/baixada\/chapa-130-vence-1-turno-da-eleicao-ao-conselho-de-administracao-da-caixa\/"},"modified":"2013-11-19T00:00:00","modified_gmt":"2013-11-19T02:00:00","slug":"chapa-130-vence-1-turno-da-eleicao-ao-conselho-de-administracao-da-caixa","status":"publish","type":"post","link":"https:\/\/hostnetart.com.br\/baixada\/chapa-130-vence-1-turno-da-eleicao-ao-conselho-de-administracao-da-caixa\/","title":{"rendered":"Chapa 130 vence 1\u00ba turno da elei\u00e7\u00e3o ao Conselho de Administra\u00e7\u00e3o da Caixa"},"content":{"rendered":"<p>A Chapa 130, integrada por Fernando Neiva (titular) e Maria Rita Serrano (suplente), apoiada pela Contraf-CUT, diversos sindicatos, federa\u00e7\u00f5es e Fenae, foi a mais votada no primeiro turno das elei\u00e7\u00f5es para representante dos empregados no Conselho de Administra\u00e7\u00e3o (CA) da Caixa Econ\u00f4mica Federal.<\/p>\n<p>\u00a0<\/p>\n<p>Com 6.094 votos, a Chapa 130 vai disputar o segundo turno com a Chapa 56, formada por Adelci Pereira da Silva (titular) e Jos\u00e9 Alves Feitosa (suplente), apoiada pela Fenag\/gestores, com 4.427 votos. O total de votantes foi de 33.211 empregados. O resultado foi anunciado no in\u00edcio da noite desta segunda-feira (18), ap\u00f3s o final da vota\u00e7\u00e3o eletr\u00f4nica.<\/p>\n<p>\u00a0<\/p>\n<p>\u00a0<\/p>\n<p><strong>Confira os n\u00fameros das seis chapas mais votadas:<\/strong><\/p>\n<p>\u00a0<\/p>\n<p>1. Chapa 130 \u2013 6.094 votos<br \/>2. Chapa 56 \u2013 4.427 votos<br \/>3. Chapa 140 \u2013 2.962 votos<br \/>4. Chapa 149 \u2013 2.952 votos<br \/>5. Chapa 88 \u2013 2.237 votos<br \/>6. Chapa 137 \u2013 1.890 votos<\/p>\n<p>\u00a0<\/p>\n<p>Para Jair Ferreira, coordenador da Comiss\u00e3o Executiva dos Empregados (CEE\/Caixa), o processo democr\u00e1tico sai valorizado. \u201cParab\u00e9ns a todos os que participaram do primeiro turno das elei\u00e7\u00f5es\u201d, afirma.<\/p>\n<p>\u00a0<\/p>\n<p>\u201cEssa vota\u00e7\u00e3o fortalece essa importante conquista dos trabalhadores, que \u00e9 a escolha de um representante no conselho de administra\u00e7\u00e3o das empresas p\u00fablicas federais\u201d, completa.<\/p>\n<p>\u00a0<\/p>\n<p>O segundo turno ser\u00e1 realizado entre os dias 2 e 6 de dezembro.<\/p>\n<p>\u00a0<\/p>\n<p>\u00a0<\/p>\n<p><strong>Fernando Neiva<\/strong><\/p>\n<p>\u00a0<\/p>\n<p>\u201cFernando Neiva e Rita Serrano t\u00eam uma longa trajet\u00f3ria de luta em defesa dos banc\u00e1rios e dos trabalhadores. Temos certeza de que s\u00e3o a melhor op\u00e7\u00e3o e a garantia de uma representa\u00e7\u00e3o real e qualificada dos empregados na defesa de seus direitos junto \u00e0 mais alta inst\u00e2ncia de decis\u00e3o da Caixa, institui\u00e7\u00e3o financeira p\u00fablica indispens\u00e1vel para o desenvolvimento econ\u00f4mico e social do pa\u00eds\u201d, afirma Carlos Cordeiro, presidente da Contraf-CUT.<\/p>\n<p>\u00a0<\/p>\n<p>Fernando Neiva \u00e9 economista com extens\u00e3o em Agenda das Pol\u00edticas P\u00fablicas: Tend\u00eancias Contempor\u00e2neas e p\u00f3s-gradua\u00e7\u00e3o em Pol\u00edticas P\u00fablicas, Estrat\u00e9gia de Gest\u00e3o. Atualmente, cursa Direito.<\/p>\n<p>\u00a0<\/p>\n<p>Ele ingressou na Caixa em 1989 e integrou as diretorias do Sindicato dos Banc\u00e1rios de BH e Regi\u00e3o a partir de 1996, tendo sido presidente entre 1999 e 2008. Atualmente, \u00e9 diretor do Departamento Jur\u00eddico da entidade. Foi tamb\u00e9m membro do Conselho Fiscal da APCEF\/MG, diretor da Fenae e da CUT Nacional.<\/p>\n<p>\u00a0<\/p>\n<p>\u00a0<\/p>\n<p><strong>Maria Rita Serrano<\/strong><\/p>\n<p>\u00a0<\/p>\n<p>Maria Rita Serrano \u00e9 mestre em Administra\u00e7\u00e3o, em Hist\u00f3ria e em Estudos Sociais. \u00c9 empregada da Caixa desde 1989. Foi vice-prefeita de Rio Grande da Serra (SP) e respondeu durante o mandato pela Secretaria de Cidadania do munic\u00edpio. \u00c9 autora do livro O desenvolvimento socioecon\u00f4mico de Rio Grande da Serra.<\/p>\n<p>\u00a0<\/p>\n<p>Ela foi secret\u00e1ria de Finan\u00e7as da Fetec\/SP, integrou por duas gest\u00f5es o Comit\u00ea de Investimento da Funcef e participou da Comiss\u00e3o Executiva dos Empregados (CEE-Caixa) entre 2003 e 2009. Presidiu o Sindicato dos Banc\u00e1rios do ABC entre 2006 e 2012. \u00c9 diretora do Sindicato e da Ag\u00eancia de Desenvolvimento Econ\u00f4mico do ABC.<\/p>\n<p>\u00a0<br \/>Fonte: Contraf-CUT com Fenae<\/p>\n","protected":false},"excerpt":{"rendered":"<p>A Chapa 130, integrada por Fernando Neiva (titular) e Maria Rita Serrano (suplente), apoiada pela Contraf-CUT, diversos sindicatos, federa\u00e7\u00f5es e Fenae, foi a mais votada no primeiro turno das elei\u00e7\u00f5es para representante dos empregados no Conselho de Administra\u00e7\u00e3o (CA) da Caixa Econ\u00f4mica Federal. \u00a0 Com 6.094 votos, a Chapa 130 vai disputar o segundo turno [&hellip;]<\/p>\n","protected":false},"author":1,"featured_media":0,"comment_status":"","ping_status":"","sticky":false,"template":"","format":"standard","meta":{"footnotes":""},"categories":[3],"tags":[],"class_list":["post-1720","post","type-post","status-publish","format-standard","hentry","category-noticias"],"_links":{"self":[{"href":"https:\/\/hostnetart.com.br\/baixada\/wp-json\/wp\/v2\/posts\/1720","targetHints":{"allow":["GET"]}}],"collection":[{"href":"https:\/\/hostnetart.com.br\/baixada\/wp-json\/wp\/v2\/posts"}],"about":[{"href":"https:\/\/hostnetart.com.br\/baixada\/wp-json\/wp\/v2\/types\/post"}],"author":[{"embeddable":true,"href":"https:\/\/hostnetart.com.br\/baixada\/wp-json\/wp\/v2\/users\/1"}],"replies":[{"embeddable":true,"href":"https:\/\/hostnetart.com.br\/baixada\/wp-json\/wp\/v2\/comments?post=1720"}],"version-history":[{"count":0,"href":"https:\/\/hostnetart.com.br\/baixada\/wp-json\/wp\/v2\/posts\/1720\/revisions"}],"wp:attachment":[{"href":"https:\/\/hostnetart.com.br\/baixada\/wp-json\/wp\/v2\/media?parent=1720"}],"wp:term":[{"taxonomy":"category","embeddable":true,"href":"https:\/\/hostnetart.com.br\/baixada\/wp-json\/wp\/v2\/categories?post=1720"},{"taxonomy":"post_tag","embeddable":true,"href":"https:\/\/hostnetart.com.br\/baixada\/wp-json\/wp\/v2\/tags?post=1720"}],"curies":[{"name":"wp","href":"https:\/\/api.w.org\/{rel}","templated":true}]}}