{"id":17193,"date":"2026-05-28T16:49:08","date_gmt":"2026-05-28T19:49:08","guid":{"rendered":"https:\/\/hostnetart.com.br\/baixada\/fim-da-escala-6x1-camara-aprova-pec-que-reduz-jornada-de-trabalho\/"},"modified":"2026-05-28T16:49:08","modified_gmt":"2026-05-28T19:49:08","slug":"fim-da-escala-6x1-camara-aprova-pec-que-reduz-jornada-de-trabalho","status":"publish","type":"post","link":"https:\/\/hostnetart.com.br\/baixada\/fim-da-escala-6x1-camara-aprova-pec-que-reduz-jornada-de-trabalho\/","title":{"rendered":"Fim da escala 6&#215;1: C\u00e2mara aprova PEC que reduz jornada de trabalho"},"content":{"rendered":"<p>A C\u00e2mara aprovou\u00a0em primeiro turno, por 472 contra 22 votos, na noite desta \u00faltima quarta-feira (27\/5), a Proposta de Emenda \u00e0 Constitui\u00e7\u00e3o que decreta o fim da escala 6&#215;1 (seis dias de trabalho para um de folga).<\/p>\n<p>Essa \u00e9 vit\u00f3ria hist\u00f3rica para o governo Lula e o movimento sindical na C\u00e2mara dos Deputados.<\/p>\n<p>A sess\u00e3o foi encerrada as 23h34, ap\u00f3s aprova\u00e7\u00e3o em segundo turno (461 votos a favor e 19 contra). As aten\u00e7\u00f5es se voltam agora para o Senado, onde a proposta de emenda \u00e0 Constitui\u00e7\u00e3o ainda precisa ser apreciada para que se torne lei definitiva.<\/p>\n<p>De acordo com a proposta, a implementa\u00e7\u00e3o deve durar at\u00e9 14 meses.<\/p>\n<p><strong>PEC<\/strong><\/p>\n<p>Uma PEC \u00e9 um projeto legislativo que altera o texto da Constitui\u00e7\u00e3o Federal, a principal norma do Estado brasileiro. Como mudam a Constitui\u00e7\u00e3o, as PECs precisam ser aprovadas em dois turnos nas duas casas do Congresso Nacional.<\/p>\n<p>\u00a0<\/p>\n","protected":false},"excerpt":{"rendered":"<p>A C\u00e2mara aprovou\u00a0em primeiro turno, por 472 contra 22 votos, na noite desta \u00faltima quarta-feira (27\/5), a Proposta de Emenda \u00e0 Constitui\u00e7\u00e3o que decreta o fim da escala 6&#215;1 (seis dias de trabalho para um de folga). Essa \u00e9 vit\u00f3ria hist\u00f3rica para o governo Lula e o movimento sindical na C\u00e2mara dos Deputados. A sess\u00e3o [&hellip;]<\/p>\n","protected":false},"author":2,"featured_media":17192,"comment_status":"","ping_status":"","sticky":false,"template":"","format":"standard","meta":{"footnotes":""},"categories":[3],"tags":[],"class_list":["post-17193","post","type-post","status-publish","format-standard","has-post-thumbnail","hentry","category-noticias"],"_links":{"self":[{"href":"https:\/\/hostnetart.com.br\/baixada\/wp-json\/wp\/v2\/posts\/17193","targetHints":{"allow":["GET"]}}],"collection":[{"href":"https:\/\/hostnetart.com.br\/baixada\/wp-json\/wp\/v2\/posts"}],"about":[{"href":"https:\/\/hostnetart.com.br\/baixada\/wp-json\/wp\/v2\/types\/post"}],"author":[{"embeddable":true,"href":"https:\/\/hostnetart.com.br\/baixada\/wp-json\/wp\/v2\/users\/2"}],"replies":[{"embeddable":true,"href":"https:\/\/hostnetart.com.br\/baixada\/wp-json\/wp\/v2\/comments?post=17193"}],"version-history":[{"count":0,"href":"https:\/\/hostnetart.com.br\/baixada\/wp-json\/wp\/v2\/posts\/17193\/revisions"}],"wp:featuredmedia":[{"embeddable":true,"href":"https:\/\/hostnetart.com.br\/baixada\/wp-json\/wp\/v2\/media\/17192"}],"wp:attachment":[{"href":"https:\/\/hostnetart.com.br\/baixada\/wp-json\/wp\/v2\/media?parent=17193"}],"wp:term":[{"taxonomy":"category","embeddable":true,"href":"https:\/\/hostnetart.com.br\/baixada\/wp-json\/wp\/v2\/categories?post=17193"},{"taxonomy":"post_tag","embeddable":true,"href":"https:\/\/hostnetart.com.br\/baixada\/wp-json\/wp\/v2\/tags?post=17193"}],"curies":[{"name":"wp","href":"https:\/\/api.w.org\/{rel}","templated":true}]}}