{"id":17191,"date":"2026-05-27T22:04:55","date_gmt":"2026-05-28T01:04:55","guid":{"rendered":"https:\/\/hostnetart.com.br\/baixada\/sindicato-participa-de-eleicao-do-sindicato-dos-bancarios-de-nova-friburgo\/"},"modified":"2026-05-27T22:04:55","modified_gmt":"2026-05-28T01:04:55","slug":"sindicato-participa-de-eleicao-do-sindicato-dos-bancarios-de-nova-friburgo","status":"publish","type":"post","link":"https:\/\/hostnetart.com.br\/baixada\/sindicato-participa-de-eleicao-do-sindicato-dos-bancarios-de-nova-friburgo\/","title":{"rendered":"Sindicato participa de elei\u00e7\u00e3o do Sindicato dos Banc\u00e1rios de Nova Friburgo"},"content":{"rendered":"<p>Nesta quarta-feira, 27 de maio, o Sindicato dos Banc\u00e1rios da Baixada Fluminense participou do processo eleitoral do Sindicato dos Banc\u00e1rios e Banc\u00e1rias de Nova Friburgo e Regi\u00e3o, filiado \u00e0 Federa\u00e7\u00e3o dos Trabalhadores do Ramo Financeiro dos Estados do Rio de Janeiro e Esp\u00edrito Santo (Fetraf RJ\/ES).<\/p>\n<p>A entidade esteve representada pelos diretores Pedro Batista, Renata Soeiro, Solange Ribeiro, Roberto Domingos e Ricardo de S\u00e1.<\/p>\n<p>A Chapa \u201cUnidade, Compromisso, Trabalho e Luta\u201d foi eleita com 99,70% dos votos v\u00e1lidos e ir\u00e1 comandar o Sindicato no quadri\u00eanio 2026\/2030.<\/p>\n","protected":false},"excerpt":{"rendered":"<p>Nesta quarta-feira, 27 de maio, o Sindicato dos Banc\u00e1rios da Baixada Fluminense participou do processo eleitoral do Sindicato dos Banc\u00e1rios e Banc\u00e1rias de Nova Friburgo e Regi\u00e3o, filiado \u00e0 Federa\u00e7\u00e3o dos Trabalhadores do Ramo Financeiro dos Estados do Rio de Janeiro e Esp\u00edrito Santo (Fetraf RJ\/ES). A entidade esteve representada pelos diretores Pedro Batista, Renata [&hellip;]<\/p>\n","protected":false},"author":2,"featured_media":17190,"comment_status":"","ping_status":"","sticky":false,"template":"","format":"standard","meta":{"footnotes":""},"categories":[3],"tags":[],"class_list":["post-17191","post","type-post","status-publish","format-standard","has-post-thumbnail","hentry","category-noticias"],"_links":{"self":[{"href":"https:\/\/hostnetart.com.br\/baixada\/wp-json\/wp\/v2\/posts\/17191","targetHints":{"allow":["GET"]}}],"collection":[{"href":"https:\/\/hostnetart.com.br\/baixada\/wp-json\/wp\/v2\/posts"}],"about":[{"href":"https:\/\/hostnetart.com.br\/baixada\/wp-json\/wp\/v2\/types\/post"}],"author":[{"embeddable":true,"href":"https:\/\/hostnetart.com.br\/baixada\/wp-json\/wp\/v2\/users\/2"}],"replies":[{"embeddable":true,"href":"https:\/\/hostnetart.com.br\/baixada\/wp-json\/wp\/v2\/comments?post=17191"}],"version-history":[{"count":0,"href":"https:\/\/hostnetart.com.br\/baixada\/wp-json\/wp\/v2\/posts\/17191\/revisions"}],"wp:featuredmedia":[{"embeddable":true,"href":"https:\/\/hostnetart.com.br\/baixada\/wp-json\/wp\/v2\/media\/17190"}],"wp:attachment":[{"href":"https:\/\/hostnetart.com.br\/baixada\/wp-json\/wp\/v2\/media?parent=17191"}],"wp:term":[{"taxonomy":"category","embeddable":true,"href":"https:\/\/hostnetart.com.br\/baixada\/wp-json\/wp\/v2\/categories?post=17191"},{"taxonomy":"post_tag","embeddable":true,"href":"https:\/\/hostnetart.com.br\/baixada\/wp-json\/wp\/v2\/tags?post=17191"}],"curies":[{"name":"wp","href":"https:\/\/api.w.org\/{rel}","templated":true}]}}