{"id":17185,"date":"2026-05-25T15:53:43","date_gmt":"2026-05-25T18:53:43","guid":{"rendered":"https:\/\/hostnetart.com.br\/baixada\/santander-paga-1-parcela-do-13-salario-na-folha-de-maio\/"},"modified":"2026-05-25T15:53:43","modified_gmt":"2026-05-25T18:53:43","slug":"santander-paga-1-parcela-do-13-salario-na-folha-de-maio","status":"publish","type":"post","link":"https:\/\/hostnetart.com.br\/baixada\/santander-paga-1-parcela-do-13-salario-na-folha-de-maio\/","title":{"rendered":"Santander paga 1\u00aa parcela do 13\u00ba sal\u00e1rio na folha de maio"},"content":{"rendered":"<p>O banco Santander informou que realizar\u00e1 o pagamento da primeira parcela do 13\u00ba sal\u00e1rio no dia 29 de maio de 2026, junto com a folha salarial do m\u00eas.<\/p>\n<p>Receber\u00e3o a antecipa\u00e7\u00e3o os trabalhadores admitidos at\u00e9 31 de dezembro de 2025 e que n\u00e3o tiveram a primeira parcela do 13\u00ba antecipada durante as f\u00e9rias. O valor corresponde a 50% do sal\u00e1rio bruto.<\/p>\n<p>J\u00e1 os trabalhadores admitidos ap\u00f3s 31 de dezembro de 2025 receber\u00e3o, em novembro, o valor proporcional ao per\u00edodo trabalhado desde a data de admiss\u00e3o.<\/p>\n<p>Segundo o comunicado, o demonstrativo de pagamento estar\u00e1 dispon\u00edvel no Portal Pessoas e no aplicativo Pessoas a partir do dia 28 de maio de 2026.<\/p>\n<p>Para Ana Marta Lima, coordenadora da Comiss\u00e3o de Organiza\u00e7\u00e3o dos Empregados (COE) do Santander, \u201ca antecipa\u00e7\u00e3o da primeira parcela do 13\u00ba sal\u00e1rio auxilia banc\u00e1rios e banc\u00e1rias no planejamento financeiro e traz mais f\u00f4lego ao or\u00e7amento, permitindo organizar despesas, quitar compromissos e garantir maior tranquilidade \u00e0s fam\u00edlias. Tamb\u00e9m \u00e9 uma forma de reconhecimento a quem contribui diariamente para os resultados do banco\u201d, afirmou.<\/p>\n<p>Fonte: Contraf-CUT<\/p>\n","protected":false},"excerpt":{"rendered":"<p>O banco Santander informou que realizar\u00e1 o pagamento da primeira parcela do 13\u00ba sal\u00e1rio no dia 29 de maio de 2026, junto com a folha salarial do m\u00eas. Receber\u00e3o a antecipa\u00e7\u00e3o os trabalhadores admitidos at\u00e9 31 de dezembro de 2025 e que n\u00e3o tiveram a primeira parcela do 13\u00ba antecipada durante as f\u00e9rias. O valor [&hellip;]<\/p>\n","protected":false},"author":2,"featured_media":17184,"comment_status":"","ping_status":"","sticky":false,"template":"","format":"standard","meta":{"footnotes":""},"categories":[3],"tags":[],"class_list":["post-17185","post","type-post","status-publish","format-standard","has-post-thumbnail","hentry","category-noticias"],"_links":{"self":[{"href":"https:\/\/hostnetart.com.br\/baixada\/wp-json\/wp\/v2\/posts\/17185","targetHints":{"allow":["GET"]}}],"collection":[{"href":"https:\/\/hostnetart.com.br\/baixada\/wp-json\/wp\/v2\/posts"}],"about":[{"href":"https:\/\/hostnetart.com.br\/baixada\/wp-json\/wp\/v2\/types\/post"}],"author":[{"embeddable":true,"href":"https:\/\/hostnetart.com.br\/baixada\/wp-json\/wp\/v2\/users\/2"}],"replies":[{"embeddable":true,"href":"https:\/\/hostnetart.com.br\/baixada\/wp-json\/wp\/v2\/comments?post=17185"}],"version-history":[{"count":0,"href":"https:\/\/hostnetart.com.br\/baixada\/wp-json\/wp\/v2\/posts\/17185\/revisions"}],"wp:featuredmedia":[{"embeddable":true,"href":"https:\/\/hostnetart.com.br\/baixada\/wp-json\/wp\/v2\/media\/17184"}],"wp:attachment":[{"href":"https:\/\/hostnetart.com.br\/baixada\/wp-json\/wp\/v2\/media?parent=17185"}],"wp:term":[{"taxonomy":"category","embeddable":true,"href":"https:\/\/hostnetart.com.br\/baixada\/wp-json\/wp\/v2\/categories?post=17185"},{"taxonomy":"post_tag","embeddable":true,"href":"https:\/\/hostnetart.com.br\/baixada\/wp-json\/wp\/v2\/tags?post=17185"}],"curies":[{"name":"wp","href":"https:\/\/api.w.org\/{rel}","templated":true}]}}