{"id":17183,"date":"2026-05-22T13:34:16","date_gmt":"2026-05-22T16:34:16","guid":{"rendered":"https:\/\/hostnetart.com.br\/baixada\/inimigos-do-povo-conheca-todos-os-deputados-que-querem-impedir-o-fim-da-escala-6x1\/"},"modified":"2026-05-22T13:34:16","modified_gmt":"2026-05-22T16:34:16","slug":"inimigos-do-povo-conheca-todos-os-deputados-que-querem-impedir-o-fim-da-escala-6x1","status":"publish","type":"post","link":"https:\/\/hostnetart.com.br\/baixada\/inimigos-do-povo-conheca-todos-os-deputados-que-querem-impedir-o-fim-da-escala-6x1\/","title":{"rendered":"Inimigos do povo! Conhe\u00e7a todos os deputados que querem impedir o fim da escala 6&#215;1"},"content":{"rendered":"<section class=\"page-wrapper\">\n<div class=\"page-wrapper__container container\">\n<article class=\"article-content\">\n<section class=\"news-details\">\n<div class=\"news-details__body\">\n<div class=\"news-details__main-content\">\n<div class=\"news-details__main-text visible\">\n<p>Ap\u00f3s anos de luta da CUT e demais movimentos sociais que representam a classe trabalhadora, o Congresso Nacional est\u00e1 prestes a votar propostas para o fim da escala 6&#215;1, com redu\u00e7\u00e3o da jornada de 44 horas, sem redu\u00e7\u00e3o salarial.<\/p>\n<p>O texto previsto para ser votado no final deste m\u00eas, na C\u00e2mara dos Deputados, parte de duas propostas de emenda \u00e0 Constitui\u00e7\u00e3o (PEC) dos deputados Reginaldo Lopes (PT-MG) e Erika Hilton (PSOL-SP), e de um projeto de lei de autoria do Governo Federal, protocolado em abril em regime de urg\u00eancia, ou seja, obrigando o Congresso Nacional a votar a mat\u00e9ria em at\u00e9 45 dias. Com isso, depois de passar pela C\u00e2mara, a proposta dever\u00e1 ser rapidamente encaminhada e votada pelo Senado ainda neste semestre.<\/p>\n<p>Por\u00e9m, mesmo diante do alto n\u00edvel do apelo popular pelo fim da 6&#215;1, mais de 176 deputados do centr\u00e3o e da direita protocolaram uma emenda, de autoria de\u00a0<strong>S\u00e9rgio Turra (PP-RS)<\/strong>, que, apesar de fixar a jornada de 40 horas semanais,\u00a0<strong>autoriza que esse limite seja ultrapassado em 30% (chegando at\u00e9 52 horas)\u00a0<\/strong>por acordos individuais ou instrumentos coletivos.<\/p>\n<p>O texto de Turra tamb\u00e9m\u00a0<strong>adia o fim da escala 6&#215;1 para 2036 e reduz em 50% a contribui\u00e7\u00e3o ao FGTS<\/strong>, al\u00e9m de propor dedu\u00e7\u00f5es tribut\u00e1rias para o setor patronal.<\/p>\n<p>Conhe\u00e7a todos os deputados do Rio de Janeiro que votam contra os interesses do povo:<\/p>\n<p><img decoding=\"async\" src=\"https:\/\/contrafcut.com.br\/data\/files\/50\/30\/81\/FC\/E2B4E910F0F624E9820808A8\/2.jpg\" alt=\"2.jpg\" \/><\/p>\n<p>\u00a0<\/p>\n<\/div>\n<\/div>\n<\/div>\n<\/section>\n<\/article>\n<\/div>\n<\/section>\n","protected":false},"excerpt":{"rendered":"<p>Ap\u00f3s anos de luta da CUT e demais movimentos sociais que representam a classe trabalhadora, o Congresso Nacional est\u00e1 prestes a votar propostas para o fim da escala 6&#215;1, com redu\u00e7\u00e3o da jornada de 44 horas, sem redu\u00e7\u00e3o salarial. O texto previsto para ser votado no final deste m\u00eas, na C\u00e2mara dos Deputados, parte de [&hellip;]<\/p>\n","protected":false},"author":2,"featured_media":17182,"comment_status":"","ping_status":"","sticky":false,"template":"","format":"standard","meta":{"footnotes":""},"categories":[3],"tags":[],"class_list":["post-17183","post","type-post","status-publish","format-standard","has-post-thumbnail","hentry","category-noticias"],"_links":{"self":[{"href":"https:\/\/hostnetart.com.br\/baixada\/wp-json\/wp\/v2\/posts\/17183","targetHints":{"allow":["GET"]}}],"collection":[{"href":"https:\/\/hostnetart.com.br\/baixada\/wp-json\/wp\/v2\/posts"}],"about":[{"href":"https:\/\/hostnetart.com.br\/baixada\/wp-json\/wp\/v2\/types\/post"}],"author":[{"embeddable":true,"href":"https:\/\/hostnetart.com.br\/baixada\/wp-json\/wp\/v2\/users\/2"}],"replies":[{"embeddable":true,"href":"https:\/\/hostnetart.com.br\/baixada\/wp-json\/wp\/v2\/comments?post=17183"}],"version-history":[{"count":0,"href":"https:\/\/hostnetart.com.br\/baixada\/wp-json\/wp\/v2\/posts\/17183\/revisions"}],"wp:featuredmedia":[{"embeddable":true,"href":"https:\/\/hostnetart.com.br\/baixada\/wp-json\/wp\/v2\/media\/17182"}],"wp:attachment":[{"href":"https:\/\/hostnetart.com.br\/baixada\/wp-json\/wp\/v2\/media?parent=17183"}],"wp:term":[{"taxonomy":"category","embeddable":true,"href":"https:\/\/hostnetart.com.br\/baixada\/wp-json\/wp\/v2\/categories?post=17183"},{"taxonomy":"post_tag","embeddable":true,"href":"https:\/\/hostnetart.com.br\/baixada\/wp-json\/wp\/v2\/tags?post=17183"}],"curies":[{"name":"wp","href":"https:\/\/api.w.org\/{rel}","templated":true}]}}