{"id":17181,"date":"2026-05-22T13:31:38","date_gmt":"2026-05-22T16:31:38","guid":{"rendered":"https:\/\/hostnetart.com.br\/baixada\/coe-cobra-do-santander-esclarecimentos-sobre-o-conduta-certo\/"},"modified":"2026-05-22T13:31:38","modified_gmt":"2026-05-22T16:31:38","slug":"coe-cobra-do-santander-esclarecimentos-sobre-o-conduta-certo","status":"publish","type":"post","link":"https:\/\/hostnetart.com.br\/baixada\/coe-cobra-do-santander-esclarecimentos-sobre-o-conduta-certo\/","title":{"rendered":"COE cobra do Santander esclarecimentos sobre o \u201cConduta Certo\u201d"},"content":{"rendered":"<p>A Comiss\u00e3o de Organiza\u00e7\u00e3o dos Empregados (COE) do Santander se reuniu virtualmente, na tarde desta quarta-feira (20), com representantes do banco para a apresenta\u00e7\u00e3o do programa \u201cConduta Certo\u201d.<\/p>\n<p>A avalia\u00e7\u00e3o da representa\u00e7\u00e3o sindical \u00e9 de que o banco trouxe uma apresenta\u00e7\u00e3o superficial, sem detalhar adequadamente o funcionamento do programa e seus impactos pr\u00e1ticos sobre os trabalhadores.<\/p>\n<p>Apesar da tentativa do banco de apresentar o programa como ferramenta de \u201cqualidade\u201d e \u201cseguran\u00e7a\u201d, a rea\u00e7\u00e3o da representa\u00e7\u00e3o dos trabalhadores foi de forte preocupa\u00e7\u00e3o com o aprofundamento da cultura de cobran\u00e7a, vigil\u00e2ncia e puni\u00e7\u00e3o dentro do Santander.<\/p>\n<p>A coordenadora da COE Santander, Ana Marta de Lima, afirmou que os banc\u00e1rios enxergam o programa como mais um mecanismo de press\u00e3o e est\u00e3o descontentes com a mudan\u00e7a. \u201cMais uma vez o banco implementa uma mudan\u00e7a que afeta diretamente os trabalhadores sem nenhuma negocia\u00e7\u00e3o com o movimento sindical. A sensa\u00e7\u00e3o dos banc\u00e1rios \u00e9 que este programa foi atualizado para impactar na remunera\u00e7\u00e3o vari\u00e1vel que esses trabalhadores teriam que receber. Existe muita preocupa\u00e7\u00e3o sobre como essas avalia\u00e7\u00f5es ser\u00e3o utilizadas no dia a dia e quais consequ\u00eancias poder\u00e3o trazer para os funcion\u00e1rios\u201d, afirmou.<\/p>\n<p>A dirigente sindical tamb\u00e9m criticou o fato de o programa desconsiderar a realidade das ag\u00eancias e departamentos, onde os trabalhadores convivem diariamente com sobrecarga, redu\u00e7\u00e3o de quadros e press\u00e3o intensa por resultados.<\/p>\n<p>A secret\u00e1ria de Rela\u00e7\u00f5es Internacionais da Contraf-CUT e funcion\u00e1ria do Santander, Rita Berlofa, criticou o fato de o banco n\u00e3o ouvir os trabalhadores que est\u00e3o na ponta. \u201cOs trabalhadores das ag\u00eancias n\u00e3o est\u00e3o sendo ouvidos e a satisfa\u00e7\u00e3o deles n\u00e3o est\u00e1 sendo levada em considera\u00e7\u00e3o\u201d, afirmou.<\/p>\n<p>Rita tamb\u00e9m alertou para o aumento das puni\u00e7\u00f5es e do clima de inseguran\u00e7a entre os funcion\u00e1rios. \u201cO n\u00famero de puni\u00e7\u00f5es est\u00e1 muito alto e os trabalhadores est\u00e3o reclamando muito disso. \u00c9 uma press\u00e3o muito grande. O banco precisa ouvir o movimento sindical e os funcion\u00e1rios para buscar melhorias, e n\u00e3o apenas ampliar os mecanismos de controle\u201d, disse.<\/p>\n<p>A COE Santander afirmou que continuar\u00e1 acompanhando a implementa\u00e7\u00e3o do \u201cConduta Certo\u201d e cobrando transpar\u00eancia, respeito \u00e0s condi\u00e7\u00f5es de trabalho e garantias de que o programa n\u00e3o seja utilizado como instrumento de persegui\u00e7\u00e3o ou aumento da press\u00e3o sobre os banc\u00e1rios.<\/p>\n<p><em><strong>Fonte: Contraf-CUT<\/strong><\/em><\/p>\n","protected":false},"excerpt":{"rendered":"<p>A Comiss\u00e3o de Organiza\u00e7\u00e3o dos Empregados (COE) do Santander se reuniu virtualmente, na tarde desta quarta-feira (20), com representantes do banco para a apresenta\u00e7\u00e3o do programa \u201cConduta Certo\u201d. A avalia\u00e7\u00e3o da representa\u00e7\u00e3o sindical \u00e9 de que o banco trouxe uma apresenta\u00e7\u00e3o superficial, sem detalhar adequadamente o funcionamento do programa e seus impactos pr\u00e1ticos sobre os [&hellip;]<\/p>\n","protected":false},"author":2,"featured_media":17180,"comment_status":"","ping_status":"","sticky":false,"template":"","format":"standard","meta":{"footnotes":""},"categories":[3],"tags":[],"class_list":["post-17181","post","type-post","status-publish","format-standard","has-post-thumbnail","hentry","category-noticias"],"_links":{"self":[{"href":"https:\/\/hostnetart.com.br\/baixada\/wp-json\/wp\/v2\/posts\/17181","targetHints":{"allow":["GET"]}}],"collection":[{"href":"https:\/\/hostnetart.com.br\/baixada\/wp-json\/wp\/v2\/posts"}],"about":[{"href":"https:\/\/hostnetart.com.br\/baixada\/wp-json\/wp\/v2\/types\/post"}],"author":[{"embeddable":true,"href":"https:\/\/hostnetart.com.br\/baixada\/wp-json\/wp\/v2\/users\/2"}],"replies":[{"embeddable":true,"href":"https:\/\/hostnetart.com.br\/baixada\/wp-json\/wp\/v2\/comments?post=17181"}],"version-history":[{"count":0,"href":"https:\/\/hostnetart.com.br\/baixada\/wp-json\/wp\/v2\/posts\/17181\/revisions"}],"wp:featuredmedia":[{"embeddable":true,"href":"https:\/\/hostnetart.com.br\/baixada\/wp-json\/wp\/v2\/media\/17180"}],"wp:attachment":[{"href":"https:\/\/hostnetart.com.br\/baixada\/wp-json\/wp\/v2\/media?parent=17181"}],"wp:term":[{"taxonomy":"category","embeddable":true,"href":"https:\/\/hostnetart.com.br\/baixada\/wp-json\/wp\/v2\/categories?post=17181"},{"taxonomy":"post_tag","embeddable":true,"href":"https:\/\/hostnetart.com.br\/baixada\/wp-json\/wp\/v2\/tags?post=17181"}],"curies":[{"name":"wp","href":"https:\/\/api.w.org\/{rel}","templated":true}]}}