{"id":17177,"date":"2026-05-21T17:37:16","date_gmt":"2026-05-21T20:37:16","guid":{"rendered":"https:\/\/hostnetart.com.br\/baixada\/fim-da-escala-6-1-sem-reducao-salarial-beneficiara-metade-dos-trabalhadores-do-pais-2\/"},"modified":"2026-05-21T17:37:16","modified_gmt":"2026-05-21T20:37:16","slug":"fim-da-escala-6-1-sem-reducao-salarial-beneficiara-metade-dos-trabalhadores-do-pais-2","status":"publish","type":"post","link":"https:\/\/hostnetart.com.br\/baixada\/fim-da-escala-6-1-sem-reducao-salarial-beneficiara-metade-dos-trabalhadores-do-pais-2\/","title":{"rendered":"Fim da escala 6\u00d71 sem redu\u00e7\u00e3o salarial beneficiar\u00e1 metade dos trabalhadores do pa\u00eds"},"content":{"rendered":"<\/p>\n<p>O fim da escala 6\u00d71, com redu\u00e7\u00e3o da jornada de 44 horas para 40 horas semanais, sem redu\u00e7\u00e3o salarial, beneficiar\u00e1 metade dos trabalhadores do pa\u00eds, sendo 74% dos que trabalham hoje em regime CLT.<\/p>\n<p>A previs\u00e3o \u00e9 do Departamento Intersindical de Estat\u00edstica e Estudos Socioecon\u00f4micos (Dieese), com base nos dados oficiais da Rela\u00e7\u00e3o Anual de Informa\u00e7\u00f5es Sociais (RAIS) e da Pesquisa Nacional por Amostra de Domic\u00edlios (PNAD), do IBGE.<\/p>\n<p>Em 2025, 37% dos empregados ocupados declararam \u00e0 PENAD trabalhar exatamente 40 horas semanais; 31% jornadas entre 41 e 44 horas semanais; e 16% acima do limite legal de 44 horas.<\/p>\n<p>Considerando apenas os empregados formais, atualmente, 22 milh\u00f5es de brasileiras e de brasileiros possuem jornadas semanais acima de 40 horas. J\u00e1 entre os empregados informais, cerca de 4,8 milh\u00f5es trabalham em jornadas superiores a 40 horas.<\/p>\n<p>Al\u00e9m disso, cerca de 14 milh\u00f5es atuam na escala 6\u00d71, enquanto outros 26,3 milh\u00f5es afirmam que n\u00e3o receber horas extras, o que, na pr\u00e1tica, indica jornadas frequentemente mais longas.<\/p>\n<p>Entre os homens, 50% trabalham mais de 40 horas semanais, enquanto entre as mulheres o percentual \u00e9 de 41%. A redu\u00e7\u00e3o da escala 6\u00d71 e da jornada para 40 horas tamb\u00e9m tende a contribuir mais para trabalhadores com menor renda e mais jovens:<\/p>\n<p>\u2013 A remunera\u00e7\u00e3o m\u00e9dia dos trabalhadores com v\u00ednculos de 44h \u00e9 cerca de 42,3% da remunera\u00e7\u00e3o m\u00e9dia dos trabalhadores com v\u00ednculos de 40h; e<br \/>\u2013 45% dos jovens entre 18 e 24 anos trabalham mais de 40 horas por dia.<\/p>\n<p><strong>RETA FINAL DA TRAMITA\u00c7\u00c3O NA C\u00c2MARA<\/strong><\/p>\n<p>O relator da proposta para reduzir a jornada de trabalho, deputado L\u00e9o Prates (Republicanos-BA), afirmou nesta \u00faltima ter\u00e7a-feira (19) que o parecer sobre o fim da escala 6\u00d71 (seis dias de trabalho para um de folga) deve ser apresentado na pr\u00f3xima segunda-feira (25).<\/p>\n<p>A apresenta\u00e7\u00e3o do parecer estava prevista para esta quarta-feira (20) e foi adiada por diverg\u00eancias em pontos do texto, como, por exemplo, o per\u00edodo de transi\u00e7\u00e3o.<\/p>\n<p><strong>PRESS\u00c3O POPULAR<\/strong><\/p>\n<p>A defesa da redu\u00e7\u00e3o da jornada sem redu\u00e7\u00e3o do sal\u00e1rio \u00e9 uma pauta hist\u00f3rica do movimento sindical.<\/p>\n<p>Por isso, al\u00e9m da participa\u00e7\u00e3o em atos na ruas, tamb\u00e9m \u00e9 fundamental a import\u00e2ncia da press\u00e3o digital sobre deputados federais e senadores.<\/p>\n","protected":false},"excerpt":{"rendered":"<p>O fim da escala 6\u00d71, com redu\u00e7\u00e3o da jornada de 44 horas para 40 horas semanais, sem redu\u00e7\u00e3o salarial, beneficiar\u00e1 metade dos trabalhadores do pa\u00eds, sendo 74% dos que trabalham hoje em regime CLT. A previs\u00e3o \u00e9 do Departamento Intersindical de Estat\u00edstica e Estudos Socioecon\u00f4micos (Dieese), com base nos dados oficiais da Rela\u00e7\u00e3o Anual de [&hellip;]<\/p>\n","protected":false},"author":2,"featured_media":17176,"comment_status":"","ping_status":"","sticky":false,"template":"","format":"standard","meta":{"footnotes":""},"categories":[3],"tags":[],"class_list":["post-17177","post","type-post","status-publish","format-standard","has-post-thumbnail","hentry","category-noticias"],"_links":{"self":[{"href":"https:\/\/hostnetart.com.br\/baixada\/wp-json\/wp\/v2\/posts\/17177","targetHints":{"allow":["GET"]}}],"collection":[{"href":"https:\/\/hostnetart.com.br\/baixada\/wp-json\/wp\/v2\/posts"}],"about":[{"href":"https:\/\/hostnetart.com.br\/baixada\/wp-json\/wp\/v2\/types\/post"}],"author":[{"embeddable":true,"href":"https:\/\/hostnetart.com.br\/baixada\/wp-json\/wp\/v2\/users\/2"}],"replies":[{"embeddable":true,"href":"https:\/\/hostnetart.com.br\/baixada\/wp-json\/wp\/v2\/comments?post=17177"}],"version-history":[{"count":0,"href":"https:\/\/hostnetart.com.br\/baixada\/wp-json\/wp\/v2\/posts\/17177\/revisions"}],"wp:featuredmedia":[{"embeddable":true,"href":"https:\/\/hostnetart.com.br\/baixada\/wp-json\/wp\/v2\/media\/17176"}],"wp:attachment":[{"href":"https:\/\/hostnetart.com.br\/baixada\/wp-json\/wp\/v2\/media?parent=17177"}],"wp:term":[{"taxonomy":"category","embeddable":true,"href":"https:\/\/hostnetart.com.br\/baixada\/wp-json\/wp\/v2\/categories?post=17177"},{"taxonomy":"post_tag","embeddable":true,"href":"https:\/\/hostnetart.com.br\/baixada\/wp-json\/wp\/v2\/tags?post=17177"}],"curies":[{"name":"wp","href":"https:\/\/api.w.org\/{rel}","templated":true}]}}