{"id":17175,"date":"2026-05-19T13:17:15","date_gmt":"2026-05-19T16:17:15","guid":{"rendered":"https:\/\/hostnetart.com.br\/baixada\/fim-da-escala-6-1-sem-reducao-salarial-beneficiara-metade-dos-trabalhadores-do-pais\/"},"modified":"2026-05-19T13:17:15","modified_gmt":"2026-05-19T16:17:15","slug":"fim-da-escala-6-1-sem-reducao-salarial-beneficiara-metade-dos-trabalhadores-do-pais","status":"publish","type":"post","link":"https:\/\/hostnetart.com.br\/baixada\/fim-da-escala-6-1-sem-reducao-salarial-beneficiara-metade-dos-trabalhadores-do-pais\/","title":{"rendered":"Fim da escala 6\u00d71 sem redu\u00e7\u00e3o salarial beneficiar\u00e1 metade dos trabalhadores do pa\u00eds"},"content":{"rendered":"<p>O fim da escala 6&#215;1, com redu\u00e7\u00e3o da jornada de 44 horas para 40 horas semanais, sem redu\u00e7\u00e3o salarial, beneficiar\u00e1 metade dos trabalhadores do pa\u00eds, sendo 74% dos que trabalham hoje em regime CLT. A\u00a0<a href=\"http:\/\/chrome-extension\/\/efaidnbmnnnibpcajpcglclefindmkaj\/https:\/\/contrafcut.com.br\/data\/files\/9B\/03\/10\/3E\/FDD1E91032CB6DD9820808A8\/Cartilha-Jornada-de-Trabalho-Novo-%20_1_.pdf\" target=\"_blank\" rel=\"noopener noreferrer\">previs\u00e3o \u00e9 do Departamento Intersindical de Estat\u00edstica e Estudos Socioecon\u00f4micos (Dieese)<\/a>, com base nos dados oficiais da Rela\u00e7\u00e3o Anual de Informa\u00e7\u00f5es Sociais (RAIS) e da Pesquisa Nacional por Amostra de Domic\u00edlios (PNAD), do IBGE.<\/p>\n<p>Em 2025, 37% dos empregados ocupados declararam \u00e0 PENAD trabalhar exatamente 40 horas semanais; 31% jornadas entre 41 e 44 horas semanais; e 16% acima do limite legal de 44 horas.<\/p>\n<p>Considerando apenas os empregados formais, atualmente, 22 milh\u00f5es de brasileiras e de brasileiros possuem jornadas semanais acima de 40 horas. J\u00e1 entre os empregados informais, cerca de 4,8 milh\u00f5es trabalham em jornadas superiores a 40 horas.<\/p>\n<p>Al\u00e9m disso, cerca de 14 milh\u00f5es atuam na escala 6&#215;1, enquanto outros 26,3 milh\u00f5es afirmam que n\u00e3o receber horas extras, o que, na pr\u00e1tica, indica jornadas frequentemente mais longas.<\/p>\n<p>Entre os homens, 50% trabalham mais de 40 horas semanais, enquanto entre as mulheres o percentual \u00e9 de 41%. A redu\u00e7\u00e3o da escala 6&#215;1 e da jornada para 40 horas tamb\u00e9m tende a contribuir mais para trabalhadores com menor renda e mais jovens:<\/p>\n<p>&#8211; A remunera\u00e7\u00e3o m\u00e9dia dos trabalhadores com v\u00ednculos de 44h \u00e9 cerca de 42,3% da remunera\u00e7\u00e3o m\u00e9dia dos trabalhadores com v\u00ednculos de 40h; e<br \/>&#8211; 45% dos jovens entre 18 e 24 anos trabalham mais de 40 horas por dia.<\/p>\n<h2>Reta final da tramita\u00e7\u00e3o na C\u00e2mara: riscos de manobras da oposi\u00e7\u00e3o<\/h2>\n<p>Na semana passada, o governo e lideran\u00e7as da C\u00e2mara dos Deputados concordaram que a proposta de emenda \u00e0 Constitui\u00e7\u00e3o (PEC) do fim da 6&#215;1 deve contar com remunera\u00e7\u00e3o de dois dias por semana, por meio da escala 5&#215;2, e redu\u00e7\u00e3o da jornada semanal das atuais 44 horas para 40 horas, sem redu\u00e7\u00e3o salarial.<\/p>\n<p>Na pr\u00f3xima quarta-feira (20), o deputado Leo Prates (Republicanos-BA), relator respons\u00e1vel pelo texto que agrupa duas PECs sobre o tema (uma de Reginaldo Lopes\/PT-MG e outra de Erika Hilton\/PSOL-SP), deve entregar o relat\u00f3rio final, previsto para ser votado, junto com o Projeto de Lei (PL 1.838\/2026) do governo federal, no dia 27, na Comiss\u00e3o Especial e, no dia seguinte (28), no plen\u00e1rio. Se aprovada, a mat\u00e9ria seguir\u00e1 para o Senado Federal.<\/p>\n<p>A presidenta da Contraf-CUT e vice-presidenta da CUT Brasil, Juvandia Moreira, alerta que ainda \u00e9 necess\u00e1ria a mobiliza\u00e7\u00e3o de todos os trabalhadores e trabalhadoras, nas ruas e nas redes sociais, para pressionar os deputados e senadores.<\/p>\n<p>\u201cO fim da escala 6&#215;1, com redu\u00e7\u00e3o da jornada, sem redu\u00e7\u00e3o salarial corre o risco de ser adiada ou at\u00e9 silenciada. Alguns deputados e senadores, a servi\u00e7o de grandes grupos empresariais, est\u00e3o tentando uma manobra para criar um &#8216;per\u00edodo de transi\u00e7\u00e3o&#8217; e impedir que essa conquista aconte\u00e7a agora&#8221;, destacou a dirigente.<\/p>\n<p>Dois parlamentares que j\u00e1 se manifestaram publicamente contra a medida, que significa mais qualidade de vida \u00e0 classe trabalhadora, s\u00e3o os presidentes do Uni\u00e3o Brasil, Antonio Rueda, e do PL, Valdemar Costa Neto, que disseram durante um evento com empres\u00e1rios de S\u00e3o Paulo, realizado em fevereiro, que trabalhariam para impedir o avan\u00e7o das PECs, que na \u00e9poca ainda estavam na Comiss\u00e3o de Constitui\u00e7\u00e3o e Justi\u00e7a (CCJ) da C\u00e2mara. Felizmente, os parlamentares n\u00e3o tiveram essa capacidade e, em abril, a CCJ aprovou as propostas.<\/p>\n<p>&#8220;A escala 6&#215;1 \u00e9 o s\u00edmbolo da l\u00f3gica do esgotamento e o seu fim, juntamente com a redu\u00e7\u00e3o da jornada semanal para 40 horas, sem redu\u00e7\u00e3o salarial, significa devolver tempo para os trabalhadores e para as trabalhadoras, tempo de descanso, de lazer, de conv\u00edvio com a fam\u00edlia e para ver os filhos crescerem&#8221;, destacou Juvandia Moreira. &#8220;Por isso, n\u00e3o podemos correr o risco de que essa proposta seja adiada. Vamos continuar mobilizados, pressionando deputados e senadores nas ruas e nas redes sociais. O povo brasileiro quer essa conquista agora!&#8221;, completou.<\/p>\n<p><em>Fonte: Contraf-CUT<\/em><\/p>\n","protected":false},"excerpt":{"rendered":"<p>O fim da escala 6&#215;1, com redu\u00e7\u00e3o da jornada de 44 horas para 40 horas semanais, sem redu\u00e7\u00e3o salarial, beneficiar\u00e1 metade dos trabalhadores do pa\u00eds, sendo 74% dos que trabalham hoje em regime CLT. A\u00a0previs\u00e3o \u00e9 do Departamento Intersindical de Estat\u00edstica e Estudos Socioecon\u00f4micos (Dieese), com base nos dados oficiais da Rela\u00e7\u00e3o Anual de Informa\u00e7\u00f5es [&hellip;]<\/p>\n","protected":false},"author":2,"featured_media":17174,"comment_status":"","ping_status":"","sticky":false,"template":"","format":"standard","meta":{"footnotes":""},"categories":[3],"tags":[],"class_list":["post-17175","post","type-post","status-publish","format-standard","has-post-thumbnail","hentry","category-noticias"],"_links":{"self":[{"href":"https:\/\/hostnetart.com.br\/baixada\/wp-json\/wp\/v2\/posts\/17175","targetHints":{"allow":["GET"]}}],"collection":[{"href":"https:\/\/hostnetart.com.br\/baixada\/wp-json\/wp\/v2\/posts"}],"about":[{"href":"https:\/\/hostnetart.com.br\/baixada\/wp-json\/wp\/v2\/types\/post"}],"author":[{"embeddable":true,"href":"https:\/\/hostnetart.com.br\/baixada\/wp-json\/wp\/v2\/users\/2"}],"replies":[{"embeddable":true,"href":"https:\/\/hostnetart.com.br\/baixada\/wp-json\/wp\/v2\/comments?post=17175"}],"version-history":[{"count":0,"href":"https:\/\/hostnetart.com.br\/baixada\/wp-json\/wp\/v2\/posts\/17175\/revisions"}],"wp:featuredmedia":[{"embeddable":true,"href":"https:\/\/hostnetart.com.br\/baixada\/wp-json\/wp\/v2\/media\/17174"}],"wp:attachment":[{"href":"https:\/\/hostnetart.com.br\/baixada\/wp-json\/wp\/v2\/media?parent=17175"}],"wp:term":[{"taxonomy":"category","embeddable":true,"href":"https:\/\/hostnetart.com.br\/baixada\/wp-json\/wp\/v2\/categories?post=17175"},{"taxonomy":"post_tag","embeddable":true,"href":"https:\/\/hostnetart.com.br\/baixada\/wp-json\/wp\/v2\/tags?post=17175"}],"curies":[{"name":"wp","href":"https:\/\/api.w.org\/{rel}","templated":true}]}}